{"id":100099,"date":"2023-04-14T11:52:39","date_gmt":"2023-04-14T09:52:39","guid":{"rendered":"https:\/\/www.koper.si\/?p=100099"},"modified":"2023-04-17T11:54:10","modified_gmt":"2023-04-17T09:54:10","slug":"con-la-prossima-settimana-aprira-il-cantiere-nella-strada-del-porto","status":"publish","type":"post","link":"https:\/\/www.koper.si\/it\/con-la-prossima-settimana-aprira-il-cantiere-nella-strada-del-porto\/","title":{"rendered":"Con la prossima settimana aprir\u00e0 il cantiere nella Strada del Porto"},"content":{"rendered":"<p><strong>\u00a0<\/strong><strong>Luned\u00ec 17 aprile, Marjetica Koper inizier\u00e0 i lavori preparatori per l&#8217;installazione di un dissuasore mobile nella Strada del Porto a Capodistria, accanto alla stazione dei taxi. I lavori dovrebbero protrarsi per una settimana, durante la quale la viabilit\u00e0 per residenti, visitatori e consegne verr\u00e0 deviata e reindirizzata sul marciapiede con opportuna segnalazione. <\/strong><\/p>\n<p>In accordo con la proposta della Comunit\u00e0 locale Capodistria &#8211; centro ed in base ai risultati dello Studio sulla viabilit\u00e0, il cui obiettivo \u00e8 garantire sicurezza, sgravare le aree pubbliche e gestire gli stazionamenti nel centro storico di Capodistria, il Comune citt\u00e0 di Capodistria, a partire da quest&#8217;estate, introdurr\u00e0 alcune limitazioni alla viabilit\u00e0 nella Strada del Porto. Tra il 1\u00b0 luglio e il 30 settembre, dal venerd\u00ec alla domenica, \u00e8 prevista la chiusura parziale al traffico automobilistico della Strada del Porto e della Piazza Anton Ukmar nel tratto che va dall&#8217;incrocio con la Strada di Pirano all&#8217;innesto con la Via del Belvedere e la Piazza Anton Ukmar.<\/p>\n<p>Pertanto, luned\u00ec 17 aprile, Marjetica Koper inizier\u00e0 i lavori preparatori nella Strada del Porto a Capodistria, accanto alla stazione dei taxi, per l&#8217;installazione di un dissuasore mobile, prima misura volta ad aumentare la sicurezza e lo sgravio delle aree pubbliche e degli stazionamenti nel centro storico. I lavori dovrebbero protrarsi per una settimana, durante la quale la viabilit\u00e0 per residenti, visitatori e consegne verr\u00e0 deviata e reindirizzata sul marciapiede con opportuna segnalazione; a chi in transito volesse accedere e parcheggiare al Parcheggio Belvedere si consiglia di utilizzare la Tangenziale Nord.<\/p>\n<p>Il Comune citt\u00e0 di Capodistria ringrazia gli automobilisti e gli altri utenti per la comprensione e si scusa per gli eventuali inconvenienti.<\/p>\n","protected":false},"excerpt":{"rendered":"<p>\u00a0Luned\u00ec 17 aprile, Marjetica Koper inizier\u00e0 i lavori preparatori per l&#8217;installazione di un dissuasore mobile nella Strada del Porto a Capodistria, accanto alla stazione dei taxi. I lavori dovrebbero protrarsi per una settimana, durante la quale la viabilit\u00e0 per residenti, visitatori e consegne verr\u00e0 deviata e reindirizzata sul marciapiede con opportuna segnalazione. In accordo con<\/p>\n","protected":false},"author":21,"featured_media":100076,"comment_status":"closed","ping_status":"closed","sticky":false,"template":"","format":"standard","meta":{"_acf_changed":false,"inline_featured_image":false,"footnotes":""},"categories":[282],"tags":[],"class_list":["post-100099","post","type-post","status-publish","format-standard","has-post-thumbnail","hentry","category-generale"],"acf":[],"_links":{"self":[{"href":"https:\/\/www.koper.si\/it\/wp-json\/wp\/v2\/posts\/100099","targetHints":{"allow":["GET"]}}],"collection":[{"href":"https:\/\/www.koper.si\/it\/wp-json\/wp\/v2\/posts"}],"about":[{"href":"https:\/\/www.koper.si\/it\/wp-json\/wp\/v2\/types\/post"}],"author":[{"embeddable":true,"href":"https:\/\/www.koper.si\/it\/wp-json\/wp\/v2\/users\/21"}],"replies":[{"embeddable":true,"href":"https:\/\/www.koper.si\/it\/wp-json\/wp\/v2\/comments?post=100099"}],"version-history":[{"count":1,"href":"https:\/\/www.koper.si\/it\/wp-json\/wp\/v2\/posts\/100099\/revisions"}],"predecessor-version":[{"id":100100,"href":"https:\/\/www.koper.si\/it\/wp-json\/wp\/v2\/posts\/100099\/revisions\/100100"}],"wp:featuredmedia":[{"embeddable":true,"href":"https:\/\/www.koper.si\/it\/wp-json\/wp\/v2\/media\/100076"}],"wp:attachment":[{"href":"https:\/\/www.koper.si\/it\/wp-json\/wp\/v2\/media?parent=100099"}],"wp:term":[{"taxonomy":"category","embeddable":true,"href":"https:\/\/www.koper.si\/it\/wp-json\/wp\/v2\/categories?post=100099"},{"taxonomy":"post_tag","embeddable":true,"href":"https:\/\/www.koper.si\/it\/wp-json\/wp\/v2\/tags?post=100099"}],"curies":[{"name":"wp","href":"https:\/\/api.w.org\/{rel}","templated":true}]}}