{"id":100233,"date":"2023-04-20T18:45:20","date_gmt":"2023-04-20T16:45:20","guid":{"rendered":"https:\/\/www.koper.si\/?p=100233"},"modified":"2023-04-24T10:42:33","modified_gmt":"2023-04-24T08:42:33","slug":"neva-zajc-riceve-il-titolo-di-cittadina-onoraria-del-comune-citta-di-capodistria-i-riconoscimenti-comunali-vanno-a-janko-sever-e-allassociazione-amici-della-musica","status":"publish","type":"post","link":"https:\/\/www.koper.si\/it\/neva-zajc-riceve-il-titolo-di-cittadina-onoraria-del-comune-citta-di-capodistria-i-riconoscimenti-comunali-vanno-a-janko-sever-e-allassociazione-amici-della-musica\/","title":{"rendered":"Neva Zajc riceve il titolo di cittadina onoraria del Comune citt\u00e0 di Capodistria, i riconoscimenti comunali vanno a Janko Sever e all&#8217;Associazione Amici della Musica"},"content":{"rendered":"<p><strong>Durante la seduta odierna, il Consiglio comunale di Capodistria, su proposta del sindaco Ales Br\u017ean, ha conferito il titolo di cittadino onorario alla giornalista gi\u00e0 famosa, Neva Zajc. Il Consiglio comunale ha inoltre adottato anche la Deliberazione sull&#8217;assegnazione dei pi\u00f9 importanti riconoscimenti comunali. Il riconoscimento \u201c15 Maggio\u201d andr\u00e0 a Janko Sever e quello della \u201cGrande Targa\u201d all&#8217;Associazione Amici della Musica.<\/strong><\/p>\n<p>Nel corso della 5a seduta ordinaria del Consiglio del Comune citt\u00e0 di Capodistria, il Consesso ha deliberato, tra l&#8217;altro, sulle proposte di conferimento dei riconoscimenti e del titolo di cittadino onorario del Comune citt\u00e0 di Capodistria, nonch\u00e9 sulle proposte del Conto annuale del Comune citt\u00e0 di Capodistria, della Deliberazione in materia di regolamentazione dei diritti ed obbligazioni dei fondatori, nonch\u00e9 dei diritti in conto capitale verso gli enti pubblici, aziende pubbliche ed altre persone giuridiche, nonch\u00e9 diritti ed obbligazioni da concessioni del Comune citt\u00e0 di Capodistria, e della Deliberazione in materia di costituzione dell\u2019organo congiunto del Comune citt\u00e0 di Capodistria e del Comune di Ancarano per l\u2019attuazione di diritti ed obbligazioni dei fondatori in enti pubblici, aziende pubbliche ed altri fondi pubblici.<\/p>\n<p>Su proposta del sindaco Ales Br\u017ean, il titolo di cittadino onorario del Comune citt\u00e0 di Capodistria verr\u00e0 conferito a Neva Zajc, redattrice di lunga data del programma culturale di Radio Capodistria, che ha dedicato tutte le sue energie creative alla citt\u00e0 di Capodistria con un\u2019attivit\u00e0 a 360 gradi nell\u2019industria culturale. Tra l\u2019altro, \u00e8 stata l&#8217;iniziatrice e cofondatrice del Festival estivo del Litorale, \u00e8 presidentessa della Societ\u00e0 del Festival estivo del Litorale e presidentessa dell\u2019Associazione francofila Peter Martinc.<\/p>\n<p>Janko Sever, patriota, amante dell&#8217;Istria slovena e della Br\u017eanija, appassionato di musica e poeta, ricever\u00e0 il riconoscimento \u201c15 Maggio\u201d in occasione della festa municipale per il suo pluriennale impegno profuso nella costruzione della nuova linea ferroviaria tra Diva\u010da e Capodistria, per l\u2019attivit\u00e0 incessante volta a preservare la qualit\u00e0 dell\u2019ambiente di vita per tutti i cittadini e per l\u2019attivo coinvolgimento in progetti riferiti alla comunit\u00e0 locale. L&#8217;Associazione Amici della Musica ricever\u00e0 la \u201cGrande Targa\u201d per la creazione e la promozione dell&#8217;identit\u00e0 musicale, lo sviluppo dell&#8217;offerta e di contenuti culturali di elevata qualit\u00e0 nell&#8217;ambiente locale, l&#8217;educazione dei giovani musicisti, ma anche per l\u2019importante contributo alla diffusione della consapevolezza culturale nel Comune citt\u00e0 di Capodistria e oltre. In 60 anni di attivit\u00e0, l&#8217;associazione ha organizzato pi\u00f9 di 860 concerti solo durante le stagioni concertistiche regolari.<\/p>\n<p>I consiglieri hanno, inoltre, approvato in prima lettura la proposta di Deliberazione circa la regolamentazione di diritti ed obbligazioni dei fondatori, nonch\u00e9 dei diritti in conto capitale verso gli enti pubblici, aziende pubbliche ed altre persone giuridiche, nonch\u00e9 diritti ed obbligazioni da concessioni del Comune citt\u00e0 di Capodistria , nonch\u00e9 la proposta di Deliberazione in materia di costituzione dell\u2019organo congiunto del Comune citt\u00e0 di Capodistria e del Comune di Ancarano per l\u2019attuazione di diritti ed obbligazioni dei fondatori in enti pubblici, aziende pubbliche ed altri fondi pubblici.<\/p>\n<p>In conformit\u00e0 alla Legge sulle Autonomie Locali, i diritti e gli obblighi dei fondatori del Comune citt\u00e0 di Capodistria vengono regolamentati con la trasformazione del fondatore che acquisisce diritti ed obbligazioni verso enti pubblici che svolgono le attivit\u00e0 che il comune \u00e8 tenuto a garantire sul proprio territorio. Negli altri casi, il Comune citt\u00e0 di Capodistria diventa cofondatore ai sensi del criterio del numero di abitanti, ovvero 94,05% di cofondatori, mentre la quota del Comune di Ancarano \u00e8 del 5,95%.<\/p>\n<p>Secondo la proposta di Deliberazione, il nuovo organo congiunto del Comune citt\u00e0 di Capodistria e del Comune di Ancarano, denominato Consiglio dei fondatori di aziende pubbliche, enti e fondi pubblici del Comune citt\u00e0 di Capodistria e del Comune di Ancarano, avr\u00e0 sede a Capodistria e sar\u00e0 composto dai sindaci dei due comuni, che si alterneranno annualmente alla presidenza del consiglio.<\/p>\n<p>Nel corso dell\u2019odierna seduta , i consiglieri hanno adottato, tra l&#8217;altro, il conto annuale del bilancio 2022, hanno preso atto della relazione relativa alla realizzazione del piano di gestione delle immobilizzazioni materiali nel 2022 e hanno approvato le modifiche al Regolamento su importi e modalit\u00e0 di determinazione delle retribuzioni e compensi per lo svolgimento di funzioni ovvero delle indennit\u00e0 di carica destinati a funzionari del Comune citt\u00e0 di Capodistria, membri degli organi interni del Consiglio comunale e del Sindaco, come pure altri organi del Comune citt\u00e0 di Capodistria nonch\u00e9 dei rimborsi spese. Hanno, inoltre, preso atto delle relazioni sull&#8217;attivit\u00e0 dei Vigili del Fuoco di Capodistria e dell&#8217;Amministrazione intercomunale dell&#8217;Istria, nonch\u00e9 sull&#8217;attuazione del programma del progetto Capodistria &#8211; Citt\u00e0 sana per l\u2019anno 2022.<\/p>\n","protected":false},"excerpt":{"rendered":"<p>Durante la seduta odierna, il Consiglio comunale di Capodistria, su proposta del sindaco Ales Br\u017ean, ha conferito il titolo di cittadino onorario alla giornalista gi\u00e0 famosa, Neva Zajc. Il Consiglio comunale ha inoltre adottato anche la Deliberazione sull&#8217;assegnazione dei pi\u00f9 importanti riconoscimenti comunali. Il riconoscimento \u201c15 Maggio\u201d andr\u00e0 a Janko Sever e quello della \u201cGrande<\/p>\n","protected":false},"author":17,"featured_media":100200,"comment_status":"closed","ping_status":"closed","sticky":false,"template":"","format":"standard","meta":{"_acf_changed":false,"inline_featured_image":false,"footnotes":""},"categories":[282],"tags":[],"class_list":["post-100233","post","type-post","status-publish","format-standard","has-post-thumbnail","hentry","category-generale"],"acf":[],"_links":{"self":[{"href":"https:\/\/www.koper.si\/it\/wp-json\/wp\/v2\/posts\/100233","targetHints":{"allow":["GET"]}}],"collection":[{"href":"https:\/\/www.koper.si\/it\/wp-json\/wp\/v2\/posts"}],"about":[{"href":"https:\/\/www.koper.si\/it\/wp-json\/wp\/v2\/types\/post"}],"author":[{"embeddable":true,"href":"https:\/\/www.koper.si\/it\/wp-json\/wp\/v2\/users\/17"}],"replies":[{"embeddable":true,"href":"https:\/\/www.koper.si\/it\/wp-json\/wp\/v2\/comments?post=100233"}],"version-history":[{"count":1,"href":"https:\/\/www.koper.si\/it\/wp-json\/wp\/v2\/posts\/100233\/revisions"}],"predecessor-version":[{"id":100234,"href":"https:\/\/www.koper.si\/it\/wp-json\/wp\/v2\/posts\/100233\/revisions\/100234"}],"wp:featuredmedia":[{"embeddable":true,"href":"https:\/\/www.koper.si\/it\/wp-json\/wp\/v2\/media\/100200"}],"wp:attachment":[{"href":"https:\/\/www.koper.si\/it\/wp-json\/wp\/v2\/media?parent=100233"}],"wp:term":[{"taxonomy":"category","embeddable":true,"href":"https:\/\/www.koper.si\/it\/wp-json\/wp\/v2\/categories?post=100233"},{"taxonomy":"post_tag","embeddable":true,"href":"https:\/\/www.koper.si\/it\/wp-json\/wp\/v2\/tags?post=100233"}],"curies":[{"name":"wp","href":"https:\/\/api.w.org\/{rel}","templated":true}]}}