{"id":101269,"date":"2023-06-27T09:46:22","date_gmt":"2023-06-27T07:46:22","guid":{"rendered":"https:\/\/www.koper.si\/?p=101269"},"modified":"2023-07-04T09:47:13","modified_gmt":"2023-07-04T07:47:13","slug":"tante-novita-per-lestate-negli-stabilimenti-balneari-di-capodistria","status":"publish","type":"post","link":"https:\/\/www.koper.si\/it\/tante-novita-per-lestate-negli-stabilimenti-balneari-di-capodistria\/","title":{"rendered":"Tante novit\u00e0 per l\u2019estate negli stabilimenti balneari di Capodistria"},"content":{"rendered":"<p><strong>L\u2019estate \u00e8 arrivata, la scuola ha chiuso i battenti fino a settembre, la stagione balneare \u00e8 gi\u00e0 entrata nel pieno. Il Comune citt\u00e0 di Capodistria ha introdotto alcune novit\u00e0 nei propri stabilimenti balneari per rendere le giornate al mare ancora pi\u00f9 piacevoli per cittadini, visitatori e turisti. <\/strong><\/p>\n<p>All&#8217;inizio della stagione balneare, che parte ufficialmente dal 1\u00b0 giugno, Marjetica Koper ha ristrutturato parte delle superfici in cemento usurate dello stabilimento balneare cittadino di Capodistria ed eseguito tutti i lavori di manutenzione necessari. Tra le altre cose, ha verniciato moli e aree in cemento, rinnovato superfici in legno, pulito i gradini per garantire l\u2019accesso in sicurezza al mare, installato sbarramenti e piattaforme in mare, potato alberi e tagliato l\u2019erba.<\/p>\n<p>Presso lo stabilimento balneare di Giusterna non sono stati effettuati interventi di maggior rilievo dato che per l\u2019autunno \u00e8 prevista una ristrutturazione radicale. Durante l\u2019estate, la piscina olimpica \u00e8 aperta ai visitatori dal luned\u00ec al venerd\u00ec, dalle 6:00 alle 20:00, il sabato, la domenica e i giorni festivi, dalle 8:00 alle 18:00. Per bambini di et\u00e0 inferiore a 4 anni l&#8217;ingresso \u00e8 gratuito, per bambini fino all\u2019et\u00e0 di 14 anni, studenti e pensionati ammonta a 3 Euro, per tutti gli altri a 5 Euro.<\/p>\n<p>Alcune altre novit\u00e0 sono state introdotte nel parco costiero tra la foce del Cornalunga e Giusterna, che quest&#8217;estate sar\u00e0 pi\u00f9 piacevole per i proprietari di cani. Ai cani \u00e8 vietato l\u2019accesso al parco, ma quest&#8217;anno il comune ha dedicato parte di esso agli amici a quattro zampe. Marjetica Koper ha attrezzato la spiaggia per cani nella preesistente baia, nello specifico presso la parte orientale del parco, vicino alla foce del Cornalunga. L\u2019accesso alla spiaggia per cani \u00e8 previsto provenendo da Semedella, mentre l\u2019area che si estende dalla spiaggia per cani verso Giusterna \u00e8 ancora vietata ai cani, come segnalato da appositi cartelli.<\/p>\n<p>In questa stagione il parco costiero verr\u00e0 allestito con docce, mentre i lettini potranno essere noleggiati solo presso lo stabilimento balneare cittadino di Capodistria a cinque Euro al giorno. Va, inoltre, sottolineato che per garantire la sicurezza dei bagnanti e del sistema di irrigazione, nel parco non \u00e8 consentito piantare ombrelloni.<\/p>\n<p>Nella prima met\u00e0 di luglio, i visitatori del parco costiero saranno intrattenuti con della buona musica. Sotto i pini, la radio locale pi\u00f9 seguita, Radio Capris, allestir\u00e0 il suo studio estivo mobile. Oltre alle canzoni pi\u00f9 ascoltate del momento, ci saranno interessanti interventi e, di quando in quando, giochi a premi a sorpresa.<\/p>\n<p>Per i pi\u00f9 sportivi, nel vicino Centro di sport acquatici nei prossimi giorni riaprir\u00e0 le porte Active Koper, che quest\u2019anno offrir\u00e0 anche svariate attivit\u00e0 acquatiche e divertimento dedicato a diverse fasce d&#8217;et\u00e0. Si potranno noleggiare pedal\u00f2, kayak e sup oppure dedicarsi ad esperienze adrenaliniche, quali moto d\u2019acqua, ciambella, bananone e sci nautico.<\/p>\n<p>Foto: MOK<\/p>\n","protected":false},"excerpt":{"rendered":"<p>L\u2019estate \u00e8 arrivata, la scuola ha chiuso i battenti fino a settembre, la stagione balneare \u00e8 gi\u00e0 entrata nel pieno. Il Comune citt\u00e0 di Capodistria ha introdotto alcune novit\u00e0 nei propri stabilimenti balneari per rendere le giornate al mare ancora pi\u00f9 piacevoli per cittadini, visitatori e turisti. All&#8217;inizio della stagione balneare, che parte ufficialmente dal<\/p>\n","protected":false},"author":21,"featured_media":101185,"comment_status":"closed","ping_status":"closed","sticky":false,"template":"","format":"standard","meta":{"_acf_changed":false,"inline_featured_image":false,"footnotes":""},"categories":[282],"tags":[],"class_list":["post-101269","post","type-post","status-publish","format-standard","has-post-thumbnail","hentry","category-generale"],"acf":[],"_links":{"self":[{"href":"https:\/\/www.koper.si\/it\/wp-json\/wp\/v2\/posts\/101269","targetHints":{"allow":["GET"]}}],"collection":[{"href":"https:\/\/www.koper.si\/it\/wp-json\/wp\/v2\/posts"}],"about":[{"href":"https:\/\/www.koper.si\/it\/wp-json\/wp\/v2\/types\/post"}],"author":[{"embeddable":true,"href":"https:\/\/www.koper.si\/it\/wp-json\/wp\/v2\/users\/21"}],"replies":[{"embeddable":true,"href":"https:\/\/www.koper.si\/it\/wp-json\/wp\/v2\/comments?post=101269"}],"version-history":[{"count":1,"href":"https:\/\/www.koper.si\/it\/wp-json\/wp\/v2\/posts\/101269\/revisions"}],"predecessor-version":[{"id":101270,"href":"https:\/\/www.koper.si\/it\/wp-json\/wp\/v2\/posts\/101269\/revisions\/101270"}],"wp:featuredmedia":[{"embeddable":true,"href":"https:\/\/www.koper.si\/it\/wp-json\/wp\/v2\/media\/101185"}],"wp:attachment":[{"href":"https:\/\/www.koper.si\/it\/wp-json\/wp\/v2\/media?parent=101269"}],"wp:term":[{"taxonomy":"category","embeddable":true,"href":"https:\/\/www.koper.si\/it\/wp-json\/wp\/v2\/categories?post=101269"},{"taxonomy":"post_tag","embeddable":true,"href":"https:\/\/www.koper.si\/it\/wp-json\/wp\/v2\/tags?post=101269"}],"curies":[{"name":"wp","href":"https:\/\/api.w.org\/{rel}","templated":true}]}}