{"id":101318,"date":"2023-07-11T10:18:53","date_gmt":"2023-07-11T08:18:53","guid":{"rendered":"https:\/\/www.koper.si\/?p=101318"},"modified":"2023-07-11T10:18:53","modified_gmt":"2023-07-11T08:18:53","slug":"la-comunita-locale-di-dekani-concede-in-locazione-un-appartamento-bilocale","status":"publish","type":"post","link":"https:\/\/www.koper.si\/it\/la-comunita-locale-di-dekani-concede-in-locazione-un-appartamento-bilocale\/","title":{"rendered":"La Comunit\u00e0 locale di Dekani concede in locazione un appartamento bilocale"},"content":{"rendered":"<p><strong>La Comunit\u00e0 locale di Dekani offre in locazione un bilocale, sito in condominio, che si trova al numero 210 di Dekani. L\u2019appartamento \u00e8 abitabile da subito, la locazione mensile minima da offrire ammonta a 592,35 Euro. Gli interessati possono presentare l\u2019eventuale offerta entro il 28 luglio. <\/strong><\/p>\n<p>La Comunit\u00e0 locale di Dekani ha pubblicato l&#8217;avviso di locazione dell\u2019immobile al numero 210 di Dekani. L&#8217;immobile \u00e8 un bilocale, sito al 1\u00b0 piano di un condominio, con una superficie calpestabile di 41,4 metri quadrati e una superficie commerciale di 55,3 metri quadrati.<\/p>\n<p>L&#8217;edificio di cui fa parte l&#8217;appartamento \u00e8 stato edificato nel 1945. L&#8217;appartamento con la superficie calpestabile di 41,4 metri quadrati \u00e8 dotato di riscaldamento autonomo ed \u00e8 allacciato ad elettricit\u00e0, acqua, ed operatore telefonico via cavo Telemach. L&#8217;appartamento dispone anche di una cantina di 8,3 metri quadrati ed \u00e8 abitabile. L&#8217;appartamento viene locato non arredato, ma \u00e8 possibile acquistare l\u2019arredo dal precedente inquilino.<\/p>\n<p>L\u2019importo mensile di base per l\u2019appartamento ammonta a 592,35 Euro. Il contratto viene stipulato per la durata di un anno con possibilit\u00e0 di proroga.<\/p>\n<p>La richiesta scritta per la concessione dell&#8217;appartamento in locazione deve essere inviata per posta raccomandata in busta chiusa con la dicitura \u00bbNON APRIRE \u2013 OFFERTA APPARTAMENTO 1\u00ab, alla sede della Comunit\u00e0 locale di Dekani, al seguente indirizzo: Comunit\u00e0 locale di Dekani, Dekani 209, 6271 Dekani, entro e non oltre il 28 luglio 2023. L&#8217;offerta deve essere accompagnata dalla conferma di pagamento della cauzione quale prova della seriet\u00e0 dell&#8217;offerta, ammontante a due mesi di affitto. In caso di ricezione di offerte da pi\u00f9 soggetti verranno avviate le trattative.<\/p>\n<p>Ulteriori informazioni sono disponibili <a href=\"https:\/\/www.koper.si\/obcina\/krajevne-skupnosti\/krajevna-skupnost-dekani\/?rid=20&amp;pid=110\">al presente link<\/a>. Per qualsiasi informazione relativa alla locazione, compreso eventuale sopralluogo preliminare, si prega di chiamare il numero 041 607 727 nelle ore pomeridiane.<\/p>\n<p>Foto: Google maps<\/p>\n","protected":false},"excerpt":{"rendered":"<p>La Comunit\u00e0 locale di Dekani offre in locazione un bilocale, sito in condominio, che si trova al numero 210 di Dekani. L\u2019appartamento \u00e8 abitabile da subito, la locazione mensile minima da offrire ammonta a 592,35 Euro. Gli interessati possono presentare l\u2019eventuale offerta entro il 28 luglio. La Comunit\u00e0 locale di Dekani ha pubblicato l&#8217;avviso di<\/p>\n","protected":false},"author":21,"featured_media":101313,"comment_status":"closed","ping_status":"closed","sticky":false,"template":"","format":"standard","meta":{"_acf_changed":false,"inline_featured_image":false,"footnotes":""},"categories":[282],"tags":[],"class_list":["post-101318","post","type-post","status-publish","format-standard","has-post-thumbnail","hentry","category-generale"],"acf":[],"_links":{"self":[{"href":"https:\/\/www.koper.si\/it\/wp-json\/wp\/v2\/posts\/101318","targetHints":{"allow":["GET"]}}],"collection":[{"href":"https:\/\/www.koper.si\/it\/wp-json\/wp\/v2\/posts"}],"about":[{"href":"https:\/\/www.koper.si\/it\/wp-json\/wp\/v2\/types\/post"}],"author":[{"embeddable":true,"href":"https:\/\/www.koper.si\/it\/wp-json\/wp\/v2\/users\/21"}],"replies":[{"embeddable":true,"href":"https:\/\/www.koper.si\/it\/wp-json\/wp\/v2\/comments?post=101318"}],"version-history":[{"count":2,"href":"https:\/\/www.koper.si\/it\/wp-json\/wp\/v2\/posts\/101318\/revisions"}],"predecessor-version":[{"id":101320,"href":"https:\/\/www.koper.si\/it\/wp-json\/wp\/v2\/posts\/101318\/revisions\/101320"}],"wp:featuredmedia":[{"embeddable":true,"href":"https:\/\/www.koper.si\/it\/wp-json\/wp\/v2\/media\/101313"}],"wp:attachment":[{"href":"https:\/\/www.koper.si\/it\/wp-json\/wp\/v2\/media?parent=101318"}],"wp:term":[{"taxonomy":"category","embeddable":true,"href":"https:\/\/www.koper.si\/it\/wp-json\/wp\/v2\/categories?post=101318"},{"taxonomy":"post_tag","embeddable":true,"href":"https:\/\/www.koper.si\/it\/wp-json\/wp\/v2\/tags?post=101318"}],"curies":[{"name":"wp","href":"https:\/\/api.w.org\/{rel}","templated":true}]}}