{"id":101463,"date":"2023-07-11T12:25:00","date_gmt":"2023-07-11T10:25:00","guid":{"rendered":"https:\/\/www.koper.si\/?p=101463"},"modified":"2023-07-14T12:26:18","modified_gmt":"2023-07-14T10:26:18","slug":"marko-bonin-nuovo-direttore-del-museo-regionale-di-capodistria","status":"publish","type":"post","link":"https:\/\/www.koper.si\/it\/marko-bonin-nuovo-direttore-del-museo-regionale-di-capodistria\/","title":{"rendered":"Marko Bonin nuovo direttore del Museo Regionale di Capodistria"},"content":{"rendered":"<p><strong>Il sindaco del Comune citt\u00e0 di Capodistria, Ale\u0161 Br\u017ean, ha nominato direttore del Museo regionale di Capodistria Marko Bonin, ex direttore ad interim ed ex curatore della mostra sulla storia culturale del museo di Capodistria.<\/strong><\/p>\n<p>Al concorso per la nomina del direttore del Museo Regionale di Capodistria hanno partecipato cinque candidati, due dei quali soddisfacevano tutti i requisiti formali. In conformit\u00e0 alla delibera di costituzione del Museo Regionale di Capodistria, il consiglio dell&#8217;ente esprime parere non vincolante sui candidati che hanno presentato domanda e il nuovo direttore viene poi nominato dal sindaco del Comune citt\u00e0 di Capodistria. Il consiglio del Museo Regionale di Capodistria ha quindi esaminato attentamente i programmi di lavoro proposti e ha svolto colloqui con i due candidati che hanno superato la selezione formale. Il consiglio del museo di Capodistria ha raccomandato al sindaco il nominativo di Marko Bonin, storico laureato, quale candidato pi\u00f9 idoneo ad assumere la funzione di direttore.<\/p>\n<p>Il nuovo direttore inizier\u00e0 a svolgere l\u2019incarico quinquennale dal 1\u00b0 settembre.<\/p>\n<p>Foto: MOK<\/p>\n","protected":false},"excerpt":{"rendered":"<p>Il sindaco del Comune citt\u00e0 di Capodistria, Ale\u0161 Br\u017ean, ha nominato direttore del Museo regionale di Capodistria Marko Bonin, ex direttore ad interim ed ex curatore della mostra sulla storia culturale del museo di Capodistria. Al concorso per la nomina del direttore del Museo Regionale di Capodistria hanno partecipato cinque candidati, due dei quali soddisfacevano<\/p>\n","protected":false},"author":21,"featured_media":101324,"comment_status":"closed","ping_status":"closed","sticky":false,"template":"","format":"standard","meta":{"_acf_changed":false,"inline_featured_image":false,"footnotes":""},"categories":[282],"tags":[],"class_list":["post-101463","post","type-post","status-publish","format-standard","has-post-thumbnail","hentry","category-generale"],"acf":[],"_links":{"self":[{"href":"https:\/\/www.koper.si\/it\/wp-json\/wp\/v2\/posts\/101463","targetHints":{"allow":["GET"]}}],"collection":[{"href":"https:\/\/www.koper.si\/it\/wp-json\/wp\/v2\/posts"}],"about":[{"href":"https:\/\/www.koper.si\/it\/wp-json\/wp\/v2\/types\/post"}],"author":[{"embeddable":true,"href":"https:\/\/www.koper.si\/it\/wp-json\/wp\/v2\/users\/21"}],"replies":[{"embeddable":true,"href":"https:\/\/www.koper.si\/it\/wp-json\/wp\/v2\/comments?post=101463"}],"version-history":[{"count":2,"href":"https:\/\/www.koper.si\/it\/wp-json\/wp\/v2\/posts\/101463\/revisions"}],"predecessor-version":[{"id":101467,"href":"https:\/\/www.koper.si\/it\/wp-json\/wp\/v2\/posts\/101463\/revisions\/101467"}],"wp:featuredmedia":[{"embeddable":true,"href":"https:\/\/www.koper.si\/it\/wp-json\/wp\/v2\/media\/101324"}],"wp:attachment":[{"href":"https:\/\/www.koper.si\/it\/wp-json\/wp\/v2\/media?parent=101463"}],"wp:term":[{"taxonomy":"category","embeddable":true,"href":"https:\/\/www.koper.si\/it\/wp-json\/wp\/v2\/categories?post=101463"},{"taxonomy":"post_tag","embeddable":true,"href":"https:\/\/www.koper.si\/it\/wp-json\/wp\/v2\/tags?post=101463"}],"curies":[{"name":"wp","href":"https:\/\/api.w.org\/{rel}","templated":true}]}}