{"id":102096,"date":"2023-08-28T15:33:42","date_gmt":"2023-08-28T13:33:42","guid":{"rendered":"https:\/\/www.koper.si\/?p=102096"},"modified":"2023-08-28T15:33:42","modified_gmt":"2023-08-28T13:33:42","slug":"a-settembre-servizio-trasporti-autobus-regolare-tra-il-garage-sonce-e-piazza-brolo","status":"publish","type":"post","link":"https:\/\/www.koper.si\/it\/a-settembre-servizio-trasporti-autobus-regolare-tra-il-garage-sonce-e-piazza-brolo\/","title":{"rendered":"A settembre servizio trasporti autobus regolare tra il Garage Sonce e Piazza Brolo"},"content":{"rendered":"<p><strong>Con il primo settembre, il trasporto urbano passeggeri su autobus a Capodistria si doter\u00e0 di una nuova linea urbana, la numero 12, che circoler\u00e0 regolarmente nei giorni feriali, dal luned\u00ec al venerd\u00ec, percorrendo il tragitto che va dal Garage Sonce alla Piazza Brolo. A partire dal 15 settembre si aggiunger\u00e0 alla flotta dei trasporti urbani anche una nuova <em>kurjerca<\/em>.<\/strong><\/p>\n<p>Oltre alle fermate finali, gli autobus della nuova linea si fermeranno a Barka II e S. Anna, con corse dalle 6.30 alle 22.00. Tra le 6.30 e le 9.00 e tra le 14.15 e le 17.15, gli autobus circoleranno ogni 10 minuti, e comunque mai ad intervalli superiori ai 20 minuti.<\/p>\n<p>La linea 12 rappresenta la volont\u00e0 di migliorare i servizi durante le ore di punta del mattino e del pomeriggio nei giorni feriali di luglio e agosto. Ci\u00f2 permetter\u00e0 uno sfruttamento migliore da parte degli utenti del servizio P+R del Garage Sonce. Scegliendo la modalit\u00e0 P+R, gli utenti contribuiranno a ridurre la congestione del traffico nel centro citt\u00e0, pagando una tariffa di parcheggio favorevole ed usufruendo il servizio di bus navetta gratuito.<\/p>\n<p><img loading=\"lazy\" decoding=\"async\" class=\"wp-image-101878 aligncenter\" src=\"https:\/\/www.koper.si\/wp-content\/uploads\/2021\/03\/logo.jpg\" alt=\"\" width=\"279\" height=\"133\" srcset=\"https:\/\/www.koper.si\/wp-content\/uploads\/2021\/03\/logo.jpg 990w, https:\/\/www.koper.si\/wp-content\/uploads\/2021\/03\/logo-768x366.jpg 768w\" sizes=\"auto, (max-width: 279px) 100vw, 279px\" \/><\/p>\n<p><img loading=\"lazy\" decoding=\"async\" class=\"alignnone size-full wp-image-102067 aligncenter\" src=\"https:\/\/www.koper.si\/wp-content\/uploads\/2023\/08\/logo_multi-e_eko-sklad.png\" alt=\"\" width=\"631\" height=\"118\" \/><\/p>\n<p>L&#8217;utilizzo del sistema P+R offre ulteriori vantaggi sia agli abbonati sia agli utenti giornalieri del Garage Sonce.<strong> Con dieci viaggi gli abbonati riceveranno uno sconto di 10 Euro al momento dell&#8217;acquisto dell&#8217;abbonamento per il mese successivo, mentre per chi decidesse di viaggiare con l&#8217;autobus urbano pi\u00f9 di dieci volte, ricever\u00e0 uno sconto di 15 Euro. Il trasporto gratuito e lo sconto sono previsti anche per gli altri utenti del parcheggio che proseguiranno il viaggio con l&#8217;autobus urbano. Gli utenti giornalieri pagheranno solo 70 centesimi per un&#8217;ora di parcheggio, convalidando il biglietto sull&#8217;autobus urbano.<\/strong><\/p>\n<p>Oltre a utilizzare la linea regolare numero 12, gli utenti potranno continuare il viaggio verso il centro citt\u00e0 utilizzando il servizio a chiamata &#8211; <em>kurjerca<\/em>. A met\u00e0 settembre, la flotta di autobus urbani si arricchir\u00e0 di un nuovo servizio di <em>kurjerca<\/em>.<\/p>\n<p>Foto: MOK<\/p>\n","protected":false},"excerpt":{"rendered":"<p>Con il primo settembre, il trasporto urbano passeggeri su autobus a Capodistria si doter\u00e0 di una nuova linea urbana, la numero 12, che circoler\u00e0 regolarmente nei giorni feriali, dal luned\u00ec al venerd\u00ec, percorrendo il tragitto che va dal Garage Sonce alla Piazza Brolo. A partire dal 15 settembre si aggiunger\u00e0 alla flotta dei trasporti urbani<\/p>\n","protected":false},"author":21,"featured_media":102061,"comment_status":"closed","ping_status":"closed","sticky":false,"template":"","format":"standard","meta":{"_acf_changed":false,"inline_featured_image":false,"footnotes":""},"categories":[282],"tags":[],"class_list":["post-102096","post","type-post","status-publish","format-standard","has-post-thumbnail","hentry","category-generale"],"acf":[],"_links":{"self":[{"href":"https:\/\/www.koper.si\/it\/wp-json\/wp\/v2\/posts\/102096","targetHints":{"allow":["GET"]}}],"collection":[{"href":"https:\/\/www.koper.si\/it\/wp-json\/wp\/v2\/posts"}],"about":[{"href":"https:\/\/www.koper.si\/it\/wp-json\/wp\/v2\/types\/post"}],"author":[{"embeddable":true,"href":"https:\/\/www.koper.si\/it\/wp-json\/wp\/v2\/users\/21"}],"replies":[{"embeddable":true,"href":"https:\/\/www.koper.si\/it\/wp-json\/wp\/v2\/comments?post=102096"}],"version-history":[{"count":2,"href":"https:\/\/www.koper.si\/it\/wp-json\/wp\/v2\/posts\/102096\/revisions"}],"predecessor-version":[{"id":102099,"href":"https:\/\/www.koper.si\/it\/wp-json\/wp\/v2\/posts\/102096\/revisions\/102099"}],"wp:featuredmedia":[{"embeddable":true,"href":"https:\/\/www.koper.si\/it\/wp-json\/wp\/v2\/media\/102061"}],"wp:attachment":[{"href":"https:\/\/www.koper.si\/it\/wp-json\/wp\/v2\/media?parent=102096"}],"wp:term":[{"taxonomy":"category","embeddable":true,"href":"https:\/\/www.koper.si\/it\/wp-json\/wp\/v2\/categories?post=102096"},{"taxonomy":"post_tag","embeddable":true,"href":"https:\/\/www.koper.si\/it\/wp-json\/wp\/v2\/tags?post=102096"}],"curies":[{"name":"wp","href":"https:\/\/api.w.org\/{rel}","templated":true}]}}