{"id":102329,"date":"2023-09-14T11:27:04","date_gmt":"2023-09-14T09:27:04","guid":{"rendered":"https:\/\/www.koper.si\/?p=102329"},"modified":"2023-09-18T11:30:20","modified_gmt":"2023-09-18T09:30:20","slug":"il-fondo-alloggi-pubblico-di-capodistria-mette-in-vendita-sei-immobili","status":"publish","type":"post","link":"https:\/\/www.koper.si\/it\/il-fondo-alloggi-pubblico-di-capodistria-mette-in-vendita-sei-immobili\/","title":{"rendered":"Il Fondo alloggi pubblico di Capodistria mette in vendita sei immobili"},"content":{"rendered":"<p><strong>Il Fondo alloggi pubblico del Comune citt\u00e0 di Capodistria ha indetto per gioved\u00ec, 5 ottobre l\u2019asta pubblica per alienare sei immobili, nello specifico si tratta di edifici residenziali, locali commerciali e corti. Il termine per il versamento della cauzione scade luned\u00ec, 2 ottobre. <\/strong><\/p>\n<p>Il Fondo alloggi pubblico del Comune citt\u00e0 di Capodistria vende due immobili a Dekani, ovvero un edificio residenziale con corte di 94,8 metri quadrati con base d\u2019asta di 115.000 Euro ed una corte di 32 metri quadrati con base d\u2019asta di 8.160 euro.<\/p>\n<p>Nell\u2019abitato di Scoffie di Sotto sono in vendita due edifici residenziali. Il primo, di 42,2 metri quadrati, \u00e8 stimato a 58.100 Euro, il secondo, di 79,6 metri quadrati, a 79.500 Euro.<\/p>\n<p>Nell&#8217;elenco degli immobili figurano anche due immobili siti nel centro di Capodistria. In Via Boris Kidri\u010d \u00e8 in vendita un appartamento di 21,34 mq al prezzo base d\u2019asta di 55.000 Euro, mentre al 1\u00b0 piano del centro commerciale Zeleni park \u00e8 in vendita un ufficio di 218,80 mq al prezzo di 469.100 Euro.<\/p>\n<p>L&#8217;asta pubblica avr\u00e0 luogo gioved\u00ec, 5 ottobre alle ore 10 presso la sede del Fondo alloggi pubblico del Comune citt\u00e0 di Capodistria, Strada Zora Perello &#8211; Godina 2, Capodistria. Gli offerenti dovranno versare la cauzione entro e non oltre luned\u00ec, 2 ottobre. Ulteriori informazioni e dati sugli immobili sono reperibili al\u00a0 <a href=\"https:\/\/www.jss-mok.si\/javna-dra\u017eba-nepremi\u010dnin-4\" target=\"_blank\" rel=\"noopener\">seguente link<\/a>.<\/p>\n<p>Foto: JSS MOK<\/p>\n<p>&nbsp;<\/p>\n","protected":false},"excerpt":{"rendered":"<p>Il Fondo alloggi pubblico del Comune citt\u00e0 di Capodistria ha indetto per gioved\u00ec, 5 ottobre l\u2019asta pubblica per alienare sei immobili, nello specifico si tratta di edifici residenziali, locali commerciali e corti. Il termine per il versamento della cauzione scade luned\u00ec, 2 ottobre. Il Fondo alloggi pubblico del Comune citt\u00e0 di Capodistria vende due immobili<\/p>\n","protected":false},"author":17,"featured_media":102295,"comment_status":"closed","ping_status":"closed","sticky":false,"template":"","format":"standard","meta":{"_acf_changed":false,"inline_featured_image":false,"footnotes":""},"categories":[282],"tags":[],"class_list":["post-102329","post","type-post","status-publish","format-standard","has-post-thumbnail","hentry","category-generale"],"acf":[],"_links":{"self":[{"href":"https:\/\/www.koper.si\/it\/wp-json\/wp\/v2\/posts\/102329","targetHints":{"allow":["GET"]}}],"collection":[{"href":"https:\/\/www.koper.si\/it\/wp-json\/wp\/v2\/posts"}],"about":[{"href":"https:\/\/www.koper.si\/it\/wp-json\/wp\/v2\/types\/post"}],"author":[{"embeddable":true,"href":"https:\/\/www.koper.si\/it\/wp-json\/wp\/v2\/users\/17"}],"replies":[{"embeddable":true,"href":"https:\/\/www.koper.si\/it\/wp-json\/wp\/v2\/comments?post=102329"}],"version-history":[{"count":2,"href":"https:\/\/www.koper.si\/it\/wp-json\/wp\/v2\/posts\/102329\/revisions"}],"predecessor-version":[{"id":102331,"href":"https:\/\/www.koper.si\/it\/wp-json\/wp\/v2\/posts\/102329\/revisions\/102331"}],"wp:featuredmedia":[{"embeddable":true,"href":"https:\/\/www.koper.si\/it\/wp-json\/wp\/v2\/media\/102295"}],"wp:attachment":[{"href":"https:\/\/www.koper.si\/it\/wp-json\/wp\/v2\/media?parent=102329"}],"wp:term":[{"taxonomy":"category","embeddable":true,"href":"https:\/\/www.koper.si\/it\/wp-json\/wp\/v2\/categories?post=102329"},{"taxonomy":"post_tag","embeddable":true,"href":"https:\/\/www.koper.si\/it\/wp-json\/wp\/v2\/tags?post=102329"}],"curies":[{"name":"wp","href":"https:\/\/api.w.org\/{rel}","templated":true}]}}