{"id":102481,"date":"2023-09-27T14:59:20","date_gmt":"2023-09-27T12:59:20","guid":{"rendered":"https:\/\/www.koper.si\/?p=102481"},"modified":"2023-09-27T14:59:20","modified_gmt":"2023-09-27T12:59:20","slug":"elogio-ai-70-migliori-maturandi-a-capodistria","status":"publish","type":"post","link":"https:\/\/www.koper.si\/it\/elogio-ai-70-migliori-maturandi-a-capodistria\/","title":{"rendered":"Elogio ai 70 migliori maturandi a Capodistria"},"content":{"rendered":"<p><strong>Nell\u2019anno scolastico appena passato sono stati settanta gli studenti di tutte e quattro le scuole secondarie di Capodistria e dell&#8217;Universit\u00e0 popolare che si sono distinti all\u2019esame di maturit\u00e0. Ieri, nella sala eventi e cerimonie di San Francesco d\u2019Assisi, il sindaco del Comune citt\u00e0 di Capodistria, Ale\u0161 Br\u017ean, ha consegnato i riconoscimenti, formulando nei loro confronti i migliori auguri per un buon proseguimento degli studi.<\/strong><\/p>\n<p>&#8220;Con oggi non si conclude il viaggio, ma ne inizia uno nuovo. Ora state andando verso un mondo pieno di opportunit\u00e0 e di sfide. Siate coraggiosi, perseverate ed inseguite i vostri sogni&#8221;, ha detto il sindaco, Ale\u0161 Br\u017ean, che ieri si \u00e8 rivolto ai settanta migliori studenti di quattro scuole secondarie di Capodistria: il Ginnasio di Capodistria, il Ginnasio Gian Rinaldo Carli di Capodistria, la Scuola media di economia e di gestione aziendale di Capodistria, la Scuola media tecnica di Capodistria e l&#8217;Universit\u00e0 popolare di Capodistria. Tra loro c&#8217;erano anche cinque maturandi d&#8217;oro del Ginnasio di Capodistria, che hanno ottenuto 30 o pi\u00f9 punti alla maturit\u00e0.<\/p>\n<p>Il sindaco ha fatto sapere ai futuri studenti che rappresentano una speranza per una societ\u00e0 migliore. Ha anche augurato di trovare un percorso di vita che permetta loro di sviluppare il pieno potenziale.<\/p>\n<p>I comici Perica Jerkovi\u0107 e Marko \u017derjal, con l\u2019accompagnamento musicale della rapper Masayah hanno contribuito al fluire scorrevole della serata.<\/p>\n<p>Foto: Foto Belvedere<\/p>\n","protected":false},"excerpt":{"rendered":"<p>Nell\u2019anno scolastico appena passato sono stati settanta gli studenti di tutte e quattro le scuole secondarie di Capodistria e dell&#8217;Universit\u00e0 popolare che si sono distinti all\u2019esame di maturit\u00e0. Ieri, nella sala eventi e cerimonie di San Francesco d\u2019Assisi, il sindaco del Comune citt\u00e0 di Capodistria, Ale\u0161 Br\u017ean, ha consegnato i riconoscimenti, formulando nei loro confronti<\/p>\n","protected":false},"author":17,"featured_media":102469,"comment_status":"closed","ping_status":"closed","sticky":false,"template":"","format":"standard","meta":{"_acf_changed":false,"inline_featured_image":false,"footnotes":""},"categories":[282],"tags":[],"class_list":["post-102481","post","type-post","status-publish","format-standard","has-post-thumbnail","hentry","category-generale"],"acf":[],"_links":{"self":[{"href":"https:\/\/www.koper.si\/it\/wp-json\/wp\/v2\/posts\/102481","targetHints":{"allow":["GET"]}}],"collection":[{"href":"https:\/\/www.koper.si\/it\/wp-json\/wp\/v2\/posts"}],"about":[{"href":"https:\/\/www.koper.si\/it\/wp-json\/wp\/v2\/types\/post"}],"author":[{"embeddable":true,"href":"https:\/\/www.koper.si\/it\/wp-json\/wp\/v2\/users\/17"}],"replies":[{"embeddable":true,"href":"https:\/\/www.koper.si\/it\/wp-json\/wp\/v2\/comments?post=102481"}],"version-history":[{"count":2,"href":"https:\/\/www.koper.si\/it\/wp-json\/wp\/v2\/posts\/102481\/revisions"}],"predecessor-version":[{"id":102483,"href":"https:\/\/www.koper.si\/it\/wp-json\/wp\/v2\/posts\/102481\/revisions\/102483"}],"wp:featuredmedia":[{"embeddable":true,"href":"https:\/\/www.koper.si\/it\/wp-json\/wp\/v2\/media\/102469"}],"wp:attachment":[{"href":"https:\/\/www.koper.si\/it\/wp-json\/wp\/v2\/media?parent=102481"}],"wp:term":[{"taxonomy":"category","embeddable":true,"href":"https:\/\/www.koper.si\/it\/wp-json\/wp\/v2\/categories?post=102481"},{"taxonomy":"post_tag","embeddable":true,"href":"https:\/\/www.koper.si\/it\/wp-json\/wp\/v2\/tags?post=102481"}],"curies":[{"name":"wp","href":"https:\/\/api.w.org\/{rel}","templated":true}]}}