{"id":102679,"date":"2023-10-16T08:24:14","date_gmt":"2023-10-16T06:24:14","guid":{"rendered":"https:\/\/www.koper.si\/?p=102679"},"modified":"2023-10-16T08:24:14","modified_gmt":"2023-10-16T06:24:14","slug":"la-citta-si-sta-gia-vestendo-a-festa","status":"publish","type":"post","link":"https:\/\/www.koper.si\/it\/la-citta-si-sta-gia-vestendo-a-festa\/","title":{"rendered":"La citt\u00e0 si sta gi\u00e0 vestendo a festa"},"content":{"rendered":"<p><strong>Gli operatori dell\u2019azienda Javna razsvetljava inizieranno oggi a installare in citt\u00e0 le prime luminarie che a Capodistria verranno accese il 2 dicembre. La novit\u00e0 di quest\u2019anno sar\u00e0 l\u2019abete naturale addobbato in piazza Tito, per il resto l&#8217;immagine festosa della citt\u00e0 quest&#8217;anno non subir\u00e0 cambiamenti significativi. <\/strong><\/p>\n<p>Sebbene manchi ancor un mese e mezzo all\u2019accensione delle luminarie, gli operatori dell\u2019azienda Javna razsvetljava con gli appaltatori inizieranno ad installare le prime decorazioni. Nei giorni scorsi, le basi delle sculture luminose hanno gi\u00e0 occupato il loro posto al centro delle rotatorie e, nelle prossime settimane, verranno installati diversi chilometri di catene luminose ed altre decorazioni che a Capodistria creeranno una gioiosa atmosfera di festa.<\/p>\n<p>Anche quest&#8217;anno il Comune citt\u00e0 di Capodistria non ha in programma cambiamenti significativi nell\u2019allestimento festivo della citt\u00e0; si limiter\u00e0 a sostituire l&#8217;illuminazione non funzionante e fatiscente e a installare in Piazza Tito un abete naturale addobbato. Per l&#8217;acquisto di nuovi elementi sostitutivi, dell\u2019abete e per l\u2019installazione dell&#8217;intero addobbo natalizio stanzier\u00e0 al massimo 30.000 Euro.<\/p>\n<p>Per le festivit\u00e0 di dicembre, il Comune citt\u00e0 di Capodistria e l\u2019Ente per i giovani, la cultura e il turismo stanno preparando un ricco programma per tutte le generazioni. Dall&#8217;accensione delle luminarie fino ai primi giorni di gennaio a Capodistria si esibiranno diversi musicisti, verr\u00e0 offerto un variegato programma per i pi\u00f9 piccoli e, presso il mandracchio, verr\u00e0 allestita una pista di pattinaggio. Il programma completo verr\u00e0 pubblicato all&#8217;inizio del prossimo mese.<\/p>\n<p>Foto: MOK<\/p>\n","protected":false},"excerpt":{"rendered":"<p>Gli operatori dell\u2019azienda Javna razsvetljava inizieranno oggi a installare in citt\u00e0 le prime luminarie che a Capodistria verranno accese il 2 dicembre. La novit\u00e0 di quest\u2019anno sar\u00e0 l\u2019abete naturale addobbato in piazza Tito, per il resto l&#8217;immagine festosa della citt\u00e0 quest&#8217;anno non subir\u00e0 cambiamenti significativi. Sebbene manchi ancor un mese e mezzo all\u2019accensione delle luminarie,<\/p>\n","protected":false},"author":21,"featured_media":102680,"comment_status":"closed","ping_status":"closed","sticky":false,"template":"","format":"standard","meta":{"_acf_changed":false,"inline_featured_image":false,"footnotes":""},"categories":[282],"tags":[],"class_list":["post-102679","post","type-post","status-publish","format-standard","has-post-thumbnail","hentry","category-generale"],"acf":[],"_links":{"self":[{"href":"https:\/\/www.koper.si\/it\/wp-json\/wp\/v2\/posts\/102679","targetHints":{"allow":["GET"]}}],"collection":[{"href":"https:\/\/www.koper.si\/it\/wp-json\/wp\/v2\/posts"}],"about":[{"href":"https:\/\/www.koper.si\/it\/wp-json\/wp\/v2\/types\/post"}],"author":[{"embeddable":true,"href":"https:\/\/www.koper.si\/it\/wp-json\/wp\/v2\/users\/21"}],"replies":[{"embeddable":true,"href":"https:\/\/www.koper.si\/it\/wp-json\/wp\/v2\/comments?post=102679"}],"version-history":[{"count":2,"href":"https:\/\/www.koper.si\/it\/wp-json\/wp\/v2\/posts\/102679\/revisions"}],"predecessor-version":[{"id":102683,"href":"https:\/\/www.koper.si\/it\/wp-json\/wp\/v2\/posts\/102679\/revisions\/102683"}],"wp:featuredmedia":[{"embeddable":true,"href":"https:\/\/www.koper.si\/it\/wp-json\/wp\/v2\/media\/102680"}],"wp:attachment":[{"href":"https:\/\/www.koper.si\/it\/wp-json\/wp\/v2\/media?parent=102679"}],"wp:term":[{"taxonomy":"category","embeddable":true,"href":"https:\/\/www.koper.si\/it\/wp-json\/wp\/v2\/categories?post=102679"},{"taxonomy":"post_tag","embeddable":true,"href":"https:\/\/www.koper.si\/it\/wp-json\/wp\/v2\/tags?post=102679"}],"curies":[{"name":"wp","href":"https:\/\/api.w.org\/{rel}","templated":true}]}}