{"id":103095,"date":"2023-11-17T13:24:03","date_gmt":"2023-11-17T12:24:03","guid":{"rendered":"https:\/\/www.koper.si\/?p=103095"},"modified":"2023-11-21T09:26:09","modified_gmt":"2023-11-21T08:26:09","slug":"consultazione-indetta-per-il-progetto-di-ristrutturazione-del-magazzino-libertas","status":"publish","type":"post","link":"https:\/\/www.koper.si\/it\/consultazione-indetta-per-il-progetto-di-ristrutturazione-del-magazzino-libertas\/","title":{"rendered":"Consultazione indetta per il progetto di ristrutturazione del magazzino Libertas"},"content":{"rendered":"<p><strong>Luned\u00ec, alle ore 18, presso il magazzino Libertas, il Comune citt\u00e0 di Capodistria presenter\u00e0 il progetto di ristrutturazione dell\u2019edificio. Il comune pianifica la creazione di un luogo di incontro &#8211; crocevia di culture con diverse unit\u00e0 complementari, tra cui due sale, uno spazio espositivo e due aree per eventi all&#8217;aperto. <\/strong><\/p>\n<p>Parte del patrimonio culturale ed industriale e monumento di importanza locale, Libertas \u00e8 stato dichiarato anche infrastruttura culturale. Purtroppo attualmente non viene sfruttato e necessita di una profonda ristrutturazione, per questo motivo il Comune citt\u00e0 di Capodistria ha presentato la domanda di contributo al bando per la realizzazione di interventi di riqualificazione urbana con il meccanismo ITI.<\/p>\n<p>Con la ristrutturazione di Libertas verr\u00e0 creata una nuova infrastruttura culturale adatta all\u2019organizzazione di eventi e manifestazioni, concerti, spettacoli cinematografici e teatrali, moderni spettacoli intermediali, conferenze con la presentazione di viaggi e di altro tipo, corsi di formazione, tavole rotonde, presentazioni e convegni. La struttura verr\u00e0 dotata di una sala grande ed una piccola rispettivamente da 700 e 200 posti in piedi, uno spazio espositivo, una sala polivalente, un polo culturale urbano, due spazi per eventi all&#8217;aperto e un&#8217;area bar.<\/p>\n<p>Il Comune citt\u00e0 di Capodistria ha evidenziato la necessit\u00e0 di istituire un luogo di incontro culturale gi\u00e0 nel Programma locale per la cultura del Comune citt\u00e0 di Capodistria. Nell&#8217;ambito del processo di candidatura a Capitale europea della cultura 2025 sono state dettagliate le esigenze contenutistiche e gli ultimi tre anni, nell&#8217;ambito dell&#8217;attuazione del programma culturale di MOK, hanno dimostrano anche in pratica l\u2019effettivo bisogno di un luogo di incontro culturale ovvero un crocevia di culture della citt\u00e0.<\/p>\n<p>La presentazione del progetto di ristrutturazione avr\u00e0 luogo luned\u00ec 20 novembre, alle ore 18 nell\u2019ex magazzino Libertas, sezione 1.<\/p>\n<p>Foto: ARP Studio<\/p>\n","protected":false},"excerpt":{"rendered":"<p>Luned\u00ec, alle ore 18, presso il magazzino Libertas, il Comune citt\u00e0 di Capodistria presenter\u00e0 il progetto di ristrutturazione dell\u2019edificio. Il comune pianifica la creazione di un luogo di incontro &#8211; crocevia di culture con diverse unit\u00e0 complementari, tra cui due sale, uno spazio espositivo e due aree per eventi all&#8217;aperto. Parte del patrimonio culturale ed<\/p>\n","protected":false},"author":17,"featured_media":91477,"comment_status":"closed","ping_status":"closed","sticky":false,"template":"","format":"standard","meta":{"_acf_changed":false,"inline_featured_image":false,"footnotes":""},"categories":[282],"tags":[],"class_list":["post-103095","post","type-post","status-publish","format-standard","has-post-thumbnail","hentry","category-generale"],"acf":[],"_links":{"self":[{"href":"https:\/\/www.koper.si\/it\/wp-json\/wp\/v2\/posts\/103095","targetHints":{"allow":["GET"]}}],"collection":[{"href":"https:\/\/www.koper.si\/it\/wp-json\/wp\/v2\/posts"}],"about":[{"href":"https:\/\/www.koper.si\/it\/wp-json\/wp\/v2\/types\/post"}],"author":[{"embeddable":true,"href":"https:\/\/www.koper.si\/it\/wp-json\/wp\/v2\/users\/17"}],"replies":[{"embeddable":true,"href":"https:\/\/www.koper.si\/it\/wp-json\/wp\/v2\/comments?post=103095"}],"version-history":[{"count":1,"href":"https:\/\/www.koper.si\/it\/wp-json\/wp\/v2\/posts\/103095\/revisions"}],"predecessor-version":[{"id":103096,"href":"https:\/\/www.koper.si\/it\/wp-json\/wp\/v2\/posts\/103095\/revisions\/103096"}],"wp:featuredmedia":[{"embeddable":true,"href":"https:\/\/www.koper.si\/it\/wp-json\/wp\/v2\/media\/91477"}],"wp:attachment":[{"href":"https:\/\/www.koper.si\/it\/wp-json\/wp\/v2\/media?parent=103095"}],"wp:term":[{"taxonomy":"category","embeddable":true,"href":"https:\/\/www.koper.si\/it\/wp-json\/wp\/v2\/categories?post=103095"},{"taxonomy":"post_tag","embeddable":true,"href":"https:\/\/www.koper.si\/it\/wp-json\/wp\/v2\/tags?post=103095"}],"curies":[{"name":"wp","href":"https:\/\/api.w.org\/{rel}","templated":true}]}}