{"id":103734,"date":"2024-01-25T15:13:22","date_gmt":"2024-01-25T14:13:22","guid":{"rendered":"https:\/\/www.koper.si\/?p=103734"},"modified":"2024-01-27T15:14:14","modified_gmt":"2024-01-27T14:14:14","slug":"via-libera-ai-lavori-con-investimenti-sulla-rete-di-rizanski-vodovod-capodistria","status":"publish","type":"post","link":"https:\/\/www.koper.si\/it\/via-libera-ai-lavori-con-investimenti-sulla-rete-di-rizanski-vodovod-capodistria\/","title":{"rendered":"Via libera ai lavori con investimenti sulla rete di Ri\u017eanski vodovod Capodistria"},"content":{"rendered":"<p><strong>I consiglieri del Comune citt\u00e0 di Capodistria in occasione dell&#8217;undicesima seduta, che si \u00e8 tenuta oggi, hanno approvato, tra l&#8217;altro, il programma di investimenti per la predisposizione e la realizzazione delle opere di investimento sulla rete degli acquedotti Ri\u017eanski vodovod e Kra\u0161ki vodovod, al contempo hanno anche approvato le nuove tariffe delle rette per i programmi di educazione prescolare degli asili pubblici. <\/strong><\/p>\n<p>Il Comune citt\u00e0 di Capodistria ha fatto un importante passo avanti per garantire la fornitura ininterrotta di acqua potabile alla popolazione dell&#8217;Istria slovena. Durante la seduta odierna, il Consiglio comunale ha approvato il programma di investimenti per la predisposizione e la realizzazione delle opere di investimento sulla rete degli acquedotti Ri\u017eanski vodovod Capodistria e Kra\u0161ki vodovod Se\u017eana. L&#8217;investimento totale ammonta a poco pi\u00f9 di 4,6 milioni di Euro, IVA inclusa. Il Ministero delle risorse naturali e dell\u2019ambiente stanzier\u00e0 2.680.635 Euro, i comuni del Carso 324.345 Euro e i comuni dell&#8217;Istria slovena 1.602.926 Euro, mentre il Comune citt\u00e0 di Capodistria contribuir\u00e0 con 782.068 Euro. Il progetto consentir\u00e0 di fornire ulteriori quantit\u00e0 d&#8217;acqua proveniente dall\u2019acquedotto carsico per mezzo del pozzo di Klari\u010di e dalla rete idrica di Trieste attraverso il collegamento alla rete idrica triestina sul valico confinario di Santa Barbara. La fornitura di acqua potabile sicura e di elevata qualit\u00e0 verr\u00e0 garantita anche eliminando il collo di bottiglia nella condotta principale di Rodik\u2013acquedotto Vodarna Ri\u017eana.<\/p>\n<p>A causa dei significativi aumenti dei costi del lavoro e dei generi alimentari registrati nell&#8217;ultimo anno, il Comune citt\u00e0 di Capodistria ha dovuto adeguare le rette dei programmi di istruzione prescolare degli asili pubblici. Nel 2023, il costo del lavoro \u00e8 aumentato in media di poco pi\u00f9 del 13\u00a0%, quello dei generi alimentari del 30\u00a0% e sono aumentati anche i costi di materiali e servizi. Il Comune citt\u00e0 di Capodistria \u00e8 stato, quindi, costretto ad aumentare i prezzi delle rette dei programmi di istruzione prescolare del 9-15\u00a0%, ma allo stesso tempo, grazie ad ulteriori riduzioni, ha evitato che gli aumenti gravassero per intero sui genitori dei bambini.<\/p>\n<p>Per i genitori di bambini appartenenti alle fasce di reddito dalla 2<sup>a<\/sup> alla 9<sup>a<\/sup>, il comune ridurr\u00e0 ulteriormente le rette dell&#8217;asilo, che sono state stabile con decisione del Centro per l&#8217;assistenza sociale di competenza. In sostanza, i genitori dei bambini della prima fascia d\u2019et\u00e0 dovranno pagare una retta aumentata del 6\u00a0% che, per la maggior parte dei genitori, significa un aumento mensile di circa 15 Euro. I genitori dei bambini della seconda fascia d&#8217;et\u00e0 dovranno pagare in media 4,22 Euro in pi\u00f9, dunque un importo pari a un aumento del 2\u00a0% del prezzo del programma. Anche il prezzo della sezione dei bambini dai 3-4 anni di et\u00e0 aumenter\u00e0 del 2\u00a0%, il che significa che i genitori dovranno pagare circa 3,16 Euro in pi\u00f9 al mese.<\/p>\n<p>Inoltre, i consiglieri comunali hanno approvato l&#8217;introduzione di un servizio di &#8220;gestione di alcuni parcheggi pubblici&#8221; presso il fabbricato Solis, hanno cancellato alcuni debiti del comune e delle comunit\u00e0 locali; hanno, inoltre, fissato a 5.000 Euro l&#8217;importo del premio in denaro conferito dal comune per il &#8220;Riconoscimento 15 maggio&#8221; nel 2024.<\/p>\n<p>Foto: CCC<\/p>\n","protected":false},"excerpt":{"rendered":"<p>I consiglieri del Comune citt\u00e0 di Capodistria in occasione dell&#8217;undicesima seduta, che si \u00e8 tenuta oggi, hanno approvato, tra l&#8217;altro, il programma di investimenti per la predisposizione e la realizzazione delle opere di investimento sulla rete degli acquedotti Ri\u017eanski vodovod e Kra\u0161ki vodovod, al contempo hanno anche approvato le nuove tariffe delle rette per i<\/p>\n","protected":false},"author":21,"featured_media":103731,"comment_status":"closed","ping_status":"closed","sticky":false,"template":"","format":"standard","meta":{"_acf_changed":false,"inline_featured_image":false,"footnotes":""},"categories":[282],"tags":[],"class_list":["post-103734","post","type-post","status-publish","format-standard","has-post-thumbnail","hentry","category-generale"],"acf":[],"_links":{"self":[{"href":"https:\/\/www.koper.si\/it\/wp-json\/wp\/v2\/posts\/103734","targetHints":{"allow":["GET"]}}],"collection":[{"href":"https:\/\/www.koper.si\/it\/wp-json\/wp\/v2\/posts"}],"about":[{"href":"https:\/\/www.koper.si\/it\/wp-json\/wp\/v2\/types\/post"}],"author":[{"embeddable":true,"href":"https:\/\/www.koper.si\/it\/wp-json\/wp\/v2\/users\/21"}],"replies":[{"embeddable":true,"href":"https:\/\/www.koper.si\/it\/wp-json\/wp\/v2\/comments?post=103734"}],"version-history":[{"count":2,"href":"https:\/\/www.koper.si\/it\/wp-json\/wp\/v2\/posts\/103734\/revisions"}],"predecessor-version":[{"id":103736,"href":"https:\/\/www.koper.si\/it\/wp-json\/wp\/v2\/posts\/103734\/revisions\/103736"}],"wp:featuredmedia":[{"embeddable":true,"href":"https:\/\/www.koper.si\/it\/wp-json\/wp\/v2\/media\/103731"}],"wp:attachment":[{"href":"https:\/\/www.koper.si\/it\/wp-json\/wp\/v2\/media?parent=103734"}],"wp:term":[{"taxonomy":"category","embeddable":true,"href":"https:\/\/www.koper.si\/it\/wp-json\/wp\/v2\/categories?post=103734"},{"taxonomy":"post_tag","embeddable":true,"href":"https:\/\/www.koper.si\/it\/wp-json\/wp\/v2\/tags?post=103734"}],"curies":[{"name":"wp","href":"https:\/\/api.w.org\/{rel}","templated":true}]}}