{"id":103792,"date":"2024-01-31T15:59:01","date_gmt":"2024-01-31T14:59:01","guid":{"rendered":"https:\/\/www.koper.si\/?p=103792"},"modified":"2024-01-31T15:59:01","modified_gmt":"2024-01-31T14:59:01","slug":"inizia-liscrizione-dei-bambini-nei-giardini-dinfanzia-di-capodistria-2","status":"publish","type":"post","link":"https:\/\/www.koper.si\/it\/inizia-liscrizione-dei-bambini-nei-giardini-dinfanzia-di-capodistria-2\/","title":{"rendered":"Inizia l\u2019iscrizione dei bambini nei giardini d\u2019infanzia di Capodistria"},"content":{"rendered":"<p><strong>A febbraio inizia l\u2019iscrizione dei bambini nei giardini d\u2019infanzia per l\u2019anno scolastico 2024\/2025. Anche quest\u2019anno, i genitori devono compilare un unico modulo di iscrizione e consegnarlo all\u2019unit\u00e0 del giardino d\u2019infanzia di prima scelta. Il modulo di iscrizione pu\u00f2 essere ritirato presso la sede dei giardini d\u2019infanzia, inoltre, \u00e8 reperibile anche sulla pagina web dei giardini d\u2019infanzia e del comune. Il termine per l\u2019iscrizione \u00e8 mercoled\u00ec, 1\u00b0 marzo.<\/strong><\/p>\n<p>I giardini d\u2019infanzia iscrivono e accolgono nei propri programmi i bambini in base alle adesioni e ai posti liberi durante tutto l\u2019anno, comunque il Comune citt\u00e0 di Capodistria invita alla presentazione dei moduli di iscrizione nel termine prescritto, perch\u00e9 in base alle domande pervenute i giardini d\u2019infanzia formano i dipartimenti per il nuovo anno scolastico. In questo modo garantiscono l\u2019iscrizione del maggior numero possibile di bambini nei programmi di educazione prescolare. \u00c8 importante che ripresentino la richiesta di iscrizione anche i genitori che l\u2019hanno gi\u00e0 presentata nell\u2019anno scolastico 2023\/2024, ma il loro bambino non \u00e8 stato ancora ammesso. Il modulo di iscrizione \u00e8 reperibile al seguente <a href=\"https:\/\/koper.e-obcina.si\/DownloadFile?id=1733433&amp;post_id=595310\" target=\"_blank\" rel=\"noopener\">link<\/a>.<\/p>\n<p>I criteri di ammissione dei bambini al giardino d\u2019infanzia a seconda del regolamento comunale in vigore rimangono invariati. Anche quest\u2019anno la residenza nel territorio del Comune citt\u00e0 di Capodistria garantisce un punteggio maggiore nella graduatoria di accesso al servizio, mentre i punti aggiuntivi vengono conferiti ai bambini con iscrizione posticipata alla scuola elementare, ai bambini inseriti nella lista d\u2019attesa centrale lo scorso anno scolastico ma non ammessi e ai bambini di genitori che iscrivono al giardino d\u2019infanzia due, tre o quattro gemelli. In base ai criteri la commissione formula la graduatoria di ammissione alla frequenza del giardino d\u2019infanzia.<\/p>\n<p>I bambini che non verranno ammessi al giardino d\u2019infanzia all\u2019inizio del nuovo anno scolastico (1\u00b0 settembre 2024) verranno inseriti nella lista d\u2019attesa per l\u2019eventuale iscrizione durante l\u2019anno scolastico <strong>\u00a0<\/strong>2024\/2025. Allo stesso tempo, i genitori possono presentare domanda per un sussidio dell&#8217;importo di 100 euro mensili per ogni figlio a carico in base al Decreto sul sovvenzionamento delle spese di sorveglianza dei bambini del Comune citt\u00e0 di Capodistria.<\/p>\n<p>Foto: CCC, Toma\u017e Primo\u017ei\u010d\/FPA<\/p>\n","protected":false},"excerpt":{"rendered":"<p>A febbraio inizia l\u2019iscrizione dei bambini nei giardini d\u2019infanzia per l\u2019anno scolastico 2024\/2025. Anche quest\u2019anno, i genitori devono compilare un unico modulo di iscrizione e consegnarlo all\u2019unit\u00e0 del giardino d\u2019infanzia di prima scelta. Il modulo di iscrizione pu\u00f2 essere ritirato presso la sede dei giardini d\u2019infanzia, inoltre, \u00e8 reperibile anche sulla pagina web dei giardini<\/p>\n","protected":false},"author":17,"featured_media":72039,"comment_status":"closed","ping_status":"closed","sticky":false,"template":"","format":"standard","meta":{"_acf_changed":false,"inline_featured_image":false,"footnotes":""},"categories":[282],"tags":[],"class_list":["post-103792","post","type-post","status-publish","format-standard","has-post-thumbnail","hentry","category-generale"],"acf":[],"_links":{"self":[{"href":"https:\/\/www.koper.si\/it\/wp-json\/wp\/v2\/posts\/103792","targetHints":{"allow":["GET"]}}],"collection":[{"href":"https:\/\/www.koper.si\/it\/wp-json\/wp\/v2\/posts"}],"about":[{"href":"https:\/\/www.koper.si\/it\/wp-json\/wp\/v2\/types\/post"}],"author":[{"embeddable":true,"href":"https:\/\/www.koper.si\/it\/wp-json\/wp\/v2\/users\/17"}],"replies":[{"embeddable":true,"href":"https:\/\/www.koper.si\/it\/wp-json\/wp\/v2\/comments?post=103792"}],"version-history":[{"count":1,"href":"https:\/\/www.koper.si\/it\/wp-json\/wp\/v2\/posts\/103792\/revisions"}],"predecessor-version":[{"id":103793,"href":"https:\/\/www.koper.si\/it\/wp-json\/wp\/v2\/posts\/103792\/revisions\/103793"}],"wp:featuredmedia":[{"embeddable":true,"href":"https:\/\/www.koper.si\/it\/wp-json\/wp\/v2\/media\/72039"}],"wp:attachment":[{"href":"https:\/\/www.koper.si\/it\/wp-json\/wp\/v2\/media?parent=103792"}],"wp:term":[{"taxonomy":"category","embeddable":true,"href":"https:\/\/www.koper.si\/it\/wp-json\/wp\/v2\/categories?post=103792"},{"taxonomy":"post_tag","embeddable":true,"href":"https:\/\/www.koper.si\/it\/wp-json\/wp\/v2\/tags?post=103792"}],"curies":[{"name":"wp","href":"https:\/\/api.w.org\/{rel}","templated":true}]}}