{"id":103904,"date":"2024-02-02T14:57:27","date_gmt":"2024-02-02T13:57:27","guid":{"rendered":"https:\/\/www.koper.si\/?p=103904"},"modified":"2024-02-07T15:00:18","modified_gmt":"2024-02-07T14:00:18","slug":"la-soluzione-tecnica-piu-adeguata-per-lo-sviluppo-della-fascia-costiera-tra-isola-e-capodistria","status":"publish","type":"post","link":"https:\/\/www.koper.si\/it\/la-soluzione-tecnica-piu-adeguata-per-lo-sviluppo-della-fascia-costiera-tra-isola-e-capodistria\/","title":{"rendered":"La soluzione tecnica pi\u00f9 adeguata per lo sviluppo della fascia costiera tra Isola e Capodistria"},"content":{"rendered":"<p><strong>Alcuni anni dopo la chiusura della strada costiera al traffico, l\u2019area sul litorale inizier\u00e0 ad assumere un aspetto completamente nuovo.<\/strong><\/p>\n<p>Il Comune di Isola e il Comune citt\u00e0 di Capodistria, in collaborazione con la Camera slovena di architettura e pianificazione territoriale (ZAPS), hanno pubblicato un concorso pubblico di architettura per lo sviluppo della fascia costiera. L&#8217;obiettivo del concorso \u00e8 trovare la soluzione migliore per riorganizzare la passeggiata sul litorale con soluzioni aggiuntive. L&#8217;ex strada costiera collegher\u00e0 le aree urbane di Isola e Capodistria, migliorando la qualit\u00e0 del territorio, consentendo la pratica della mobilit\u00e0 sostenibile, garantendo la protezione dell\u2019ambiente e la preservazione di natura e cultura.<\/p>\n<p>La commissione di valutazione era composta da sette membri, rappresentanti dei due comuni e della ZAPS. La commissione, in collaborazione con esperti del settore dell&#8217;architettura, dell\u2019architettura del paesaggio, dell&#8217;ingegneria civile, della protezione del patrimonio culturale, della conservazione della natura, dell\u2019edilizia marittima e degli investimenti ha valutato dieci proposte e, dopo un attento esame e dibattiti con gli esperti, sono state selezionate sei proposte che rispondono al meglio al compito davvero difficoltoso dal punto di vista programmatico e territoriale. Alle predette soluzioni architettoniche la commissione ha assegnato tre premi e tre riconoscimenti.<\/p>\n<p>L\u2019elaborato progettuale vincitore \u00e8 opera dello studio di architettura del paesaggio Landstudio 015, d.o.o. di Lubiana<strong>, <\/strong>i cui autori sono Ana Tepina, Jana Kozamernik, Maja Vodlan, Sa\u0161a Kolman, Zala Dimc, Mark Koritnik e Martina Tepina<strong>.<\/strong><\/p>\n<p>La commissione ha ritenuto che la soluzione migliore rappresenti una costruzione dallo stile unitario, che funga da collegamento tra le due citt\u00e0, dall&#8217;una e dall&#8217;altra parte, per poter cos\u00ec convogliare l\u2019afflusso dei visitatori nei predetti punti. Nella proposta la parte centrale dell\u2019area in questione crea una zona tranquilla, inserita nel patrimonio naturale e culturale. I singoli punti della passeggiata sul lungomare creano una rete di spazi pubblici, come ad esempio la spiaggia, l\u2019offerta ricettiva, i punti panoramici, ecc. L&#8217;intero percorso della passeggiata sul lungomare \u00e8 una sequenza di falde che creano il miglior profilo trasversale possibile: il mare, l\u2019area pedonale, la fascia verde con un\u2019ulteriore viale alberato (interrotto in alcuni punti da una variet\u00e0 di aree di interesse pubblico che comprendono sia le infrastrutture per la balneazione sia il patrimonio naturale e culturale e altri punti di interesse), il sentiero da jogging, la pista ciclabile, il viale alberato con i pini. Grazie a forme pulite che solo a prima vista sembrano semplici e non invasive, gli autori della proposta raggiungono lo scopo. Sono riusciti, in effetti, ad ideare un progetto che si distingue nettamente dagli altri e sotto ogni punto di vista.<\/p>\n<p>L\u2019avviso con i risultati e la relazione finale, che rappresenta la conclusione formale della procedura di valutazione, \u00e8 stato firmato dai sindaci dei due comuni, Milan Bogati\u010d e Ale\u0161 Br\u017ean.<\/p>\n<p>Le soluzioni sono state pubblicate <a href=\"https:\/\/zaps.si\/vse-novice\/natecaj-za-ureditev-priobalnega-pasu-med-koprom-in-izolo-je-zakljucen\/\" target=\"_blank\" rel=\"noopener\">sul sito della Camera per l\u2019architettura e la pianificazione territoriale della Slovenia<\/a>. Le soluzioni potranno essere consultate anche in occasione della mostra che si terr\u00e0 probabilmente a marzo.<\/p>\n<p>Foto: Landstudio 015 d. o. o.<\/p>\n","protected":false},"excerpt":{"rendered":"<p>Alcuni anni dopo la chiusura della strada costiera al traffico, l\u2019area sul litorale inizier\u00e0 ad assumere un aspetto completamente nuovo. Il Comune di Isola e il Comune citt\u00e0 di Capodistria, in collaborazione con la Camera slovena di architettura e pianificazione territoriale (ZAPS), hanno pubblicato un concorso pubblico di architettura per lo sviluppo della fascia costiera.<\/p>\n","protected":false},"author":17,"featured_media":103851,"comment_status":"closed","ping_status":"closed","sticky":false,"template":"","format":"standard","meta":{"_acf_changed":false,"inline_featured_image":false,"footnotes":""},"categories":[282],"tags":[],"class_list":["post-103904","post","type-post","status-publish","format-standard","has-post-thumbnail","hentry","category-generale"],"acf":[],"_links":{"self":[{"href":"https:\/\/www.koper.si\/it\/wp-json\/wp\/v2\/posts\/103904","targetHints":{"allow":["GET"]}}],"collection":[{"href":"https:\/\/www.koper.si\/it\/wp-json\/wp\/v2\/posts"}],"about":[{"href":"https:\/\/www.koper.si\/it\/wp-json\/wp\/v2\/types\/post"}],"author":[{"embeddable":true,"href":"https:\/\/www.koper.si\/it\/wp-json\/wp\/v2\/users\/17"}],"replies":[{"embeddable":true,"href":"https:\/\/www.koper.si\/it\/wp-json\/wp\/v2\/comments?post=103904"}],"version-history":[{"count":1,"href":"https:\/\/www.koper.si\/it\/wp-json\/wp\/v2\/posts\/103904\/revisions"}],"predecessor-version":[{"id":103905,"href":"https:\/\/www.koper.si\/it\/wp-json\/wp\/v2\/posts\/103904\/revisions\/103905"}],"wp:featuredmedia":[{"embeddable":true,"href":"https:\/\/www.koper.si\/it\/wp-json\/wp\/v2\/media\/103851"}],"wp:attachment":[{"href":"https:\/\/www.koper.si\/it\/wp-json\/wp\/v2\/media?parent=103904"}],"wp:term":[{"taxonomy":"category","embeddable":true,"href":"https:\/\/www.koper.si\/it\/wp-json\/wp\/v2\/categories?post=103904"},{"taxonomy":"post_tag","embeddable":true,"href":"https:\/\/www.koper.si\/it\/wp-json\/wp\/v2\/tags?post=103904"}],"curies":[{"name":"wp","href":"https:\/\/api.w.org\/{rel}","templated":true}]}}