{"id":105026,"date":"2024-04-05T09:56:54","date_gmt":"2024-04-05T07:56:54","guid":{"rendered":"https:\/\/www.koper.si\/?p=105026"},"modified":"2024-04-05T09:56:54","modified_gmt":"2024-04-05T07:56:54","slug":"in-vigore-la-delibera-sullaffissione-di-manifesti-per-la-campagna-elettorale-europea","status":"publish","type":"post","link":"https:\/\/www.koper.si\/it\/in-vigore-la-delibera-sullaffissione-di-manifesti-per-la-campagna-elettorale-europea\/","title":{"rendered":"In vigore la delibera sull\u2019affissione di manifesti per la campagna elettorale europea"},"content":{"rendered":"<p><strong>Alcuni giorni fa il Sindaco del Comune citt\u00e0 di Capodistria ha approvato l\u2019atto di Delibera <\/strong><strong>sull\u2019affissione durante la campagna elettorale delle elezioni dei deputati della Repubblica di Slovenia al Parlamento europeo nell\u2019anno 2024. Il sorteggio degli spazi di affissione si terr\u00e0 marted\u00ec, 7 maggio.<\/strong><\/p>\n<p>La delibera sull\u2019affissione durante la campagna elettorale, pubblicata sulla bacheca nell\u2019aula del Comune citt\u00e0 di Capodistria, Via Giuseppe Verdi n. 10 e sulla <a href=\"https:\/\/www.koper.si\/public_tender\/razglas-plakatiranje-v-volilni-kampanji-za-volitve-poslancev-iz-republike-slovenije-v-evropski-parlament-v-letu-2024\/\">pagina web del Comune citt\u00e0 di Capodistria<\/a>, definisce gli spazi nel comune, destinati all\u2019affissione gratuita in modo paritetico per tutti gli organizzatori della campagna elettorale per le elezioni, indette per domenica 9 giugno.<\/p>\n<p>Il sorteggio degli spazi d\u2019affissione gratuiti avr\u00e0 luogo marted\u00ec 7 maggio, con inizio alle ore 9, presso la sala riunioni del Comune citt\u00e0 di Capodistria, Via Giuseppe Verdi 10, al pianterreno.<\/p>\n<p>I rappresentanti degli organizzatori della campagna elettorale hanno l\u2019obbligo di intervenire di persona al sorteggio e di consegnare al conduttore delle operazioni di sorteggio l\u2019autorizzazione scritta dell\u2019organizzatore e il certificato di apertura del CC, come previsto dalla Legge sulla campagna elettorale e referendaria.<\/p>\n<p>Foto: CCC<\/p>\n","protected":false},"excerpt":{"rendered":"<p>Alcuni giorni fa il Sindaco del Comune citt\u00e0 di Capodistria ha approvato l\u2019atto di Delibera sull\u2019affissione durante la campagna elettorale delle elezioni dei deputati della Repubblica di Slovenia al Parlamento europeo nell\u2019anno 2024. Il sorteggio degli spazi di affissione si terr\u00e0 marted\u00ec, 7 maggio. La delibera sull\u2019affissione durante la campagna elettorale, pubblicata sulla bacheca nell\u2019aula<\/p>\n","protected":false},"author":17,"featured_media":98100,"comment_status":"closed","ping_status":"closed","sticky":false,"template":"","format":"standard","meta":{"_acf_changed":false,"inline_featured_image":false,"footnotes":""},"categories":[282],"tags":[],"class_list":["post-105026","post","type-post","status-publish","format-standard","has-post-thumbnail","hentry","category-generale"],"acf":[],"_links":{"self":[{"href":"https:\/\/www.koper.si\/it\/wp-json\/wp\/v2\/posts\/105026","targetHints":{"allow":["GET"]}}],"collection":[{"href":"https:\/\/www.koper.si\/it\/wp-json\/wp\/v2\/posts"}],"about":[{"href":"https:\/\/www.koper.si\/it\/wp-json\/wp\/v2\/types\/post"}],"author":[{"embeddable":true,"href":"https:\/\/www.koper.si\/it\/wp-json\/wp\/v2\/users\/17"}],"replies":[{"embeddable":true,"href":"https:\/\/www.koper.si\/it\/wp-json\/wp\/v2\/comments?post=105026"}],"version-history":[{"count":1,"href":"https:\/\/www.koper.si\/it\/wp-json\/wp\/v2\/posts\/105026\/revisions"}],"predecessor-version":[{"id":105027,"href":"https:\/\/www.koper.si\/it\/wp-json\/wp\/v2\/posts\/105026\/revisions\/105027"}],"wp:featuredmedia":[{"embeddable":true,"href":"https:\/\/www.koper.si\/it\/wp-json\/wp\/v2\/media\/98100"}],"wp:attachment":[{"href":"https:\/\/www.koper.si\/it\/wp-json\/wp\/v2\/media?parent=105026"}],"wp:term":[{"taxonomy":"category","embeddable":true,"href":"https:\/\/www.koper.si\/it\/wp-json\/wp\/v2\/categories?post=105026"},{"taxonomy":"post_tag","embeddable":true,"href":"https:\/\/www.koper.si\/it\/wp-json\/wp\/v2\/tags?post=105026"}],"curies":[{"name":"wp","href":"https:\/\/api.w.org\/{rel}","templated":true}]}}