{"id":105044,"date":"2024-04-09T14:30:58","date_gmt":"2024-04-09T12:30:58","guid":{"rendered":"https:\/\/www.koper.si\/?p=105044"},"modified":"2024-04-09T14:30:58","modified_gmt":"2024-04-09T12:30:58","slug":"il-sindaco-del-comune-citta-di-capodistria-ha-consegnato-i-facsimile-dello-statuto-di-capodistria-dellanno-1423","status":"publish","type":"post","link":"https:\/\/www.koper.si\/it\/il-sindaco-del-comune-citta-di-capodistria-ha-consegnato-i-facsimile-dello-statuto-di-capodistria-dellanno-1423\/","title":{"rendered":"Il Sindaco del Comune citt\u00e0 di Capodistria ha consegnato i facsimile dello Statuto di Capodistria dell\u2019anno 1423"},"content":{"rendered":"<p><strong>Il Comune citt\u00e0 di Capodistria, in collaborazione con il Museo regionale di Capodistria e l\u2019Archivio regionale di Capodistria, ha realizzato l\u2019edizione di 99 copie in facsimile dello Statuto di Capodistria dell\u2019anno 1423. Il Sindaco del Comune citt\u00e0 di Capodistria Ale\u0161 Br\u017ean ha consegnato oggi i facsimile alle istituzioni di ricerca.<\/strong><\/p>\n<p>I primi cenni dello Statuto di Capodistria risalgono agli anni 1238 e 1239, ma purtroppo il documento non \u00e8 stato conservato. Nel 1348 i capodistriani si opposero alle autorit\u00e0 veneziane, di conseguenza i veneziani eliminarono lo Statuto capodistriano. Lo Statuto fu introdotto nuovamente nel 1394 e modificato nel 1413 per essere successivamente aggiornato nel 1422. L\u20198 marzo 1423 fu approvato dal doge Tommaso Mocenigo. Lo statuto non contiene l\u2019intero sistema giuridico allora in vigore, mancano infatti quasi nel completo le disposizioni penali. Al contrario che nelle altre citt\u00e0 istriane subordinate, il podest\u00e0 capodistriano decideva da solo sulle questioni penali, basandosi sul diritto veneziano. Il codice manoscritto fu conservato nella biblioteca del ginnasio di Capodistria e successivamente nell\u2019ambito del vecchio archivio comunale nella Biblioteca civica di Capodistria. Il codice, che comprende 154 fogli, sarebbe stato donato al ginnasio dal marchese Andrea Gravisi. Venne stato portato via dalla citt\u00e0 nel 1944. Oggi lo statuto viene conservato nell\u2019Archivio di Stato di Venezia.<\/p>\n<p>In occasione del 600\u00ba anniversario di approvazione dello statuto, il Museo regionale di Capodistria ha inaugurato la mostra con due copie dei codici risalenti al 1423. Purtroppo, entrambi sono conservati fuori dalla Slovenia &#8211; il primo nell\u2019archivio di Venezia, il secondo invece nell\u2019archivio di Fiume. In occasione del 1500\u00ba anniversario di fondazione della citt\u00e0 di Capodistria, il Comune citt\u00e0 di Capodistria, in collaborazione con il Museo regionale di Capodistria e dell\u2019Archivio regionale di Capodistria, ha realizzato l\u2019edizione di 99 copie in facsimile dello Statuto di Capodistria dell\u2019anno 1423. Al facsimile \u00e8 allegato lo studio di Nella Lonza, Lo statuto di Capodistria: itinerario giuridico e storico.<\/p>\n<p>I facsimile sono stati consegnati con una piccola cerimonia a: Archivio regionale di Capodistria, Museo regionale di Capodistria, Consolato Generale d\u2019Italia Capodistria, Comunit\u00e0 autogestita della nazionalit\u00e0 italiana di Capodistria, Facolt\u00e0 di studi umanistici dell\u2019Universit\u00e0 del Litorale, Biblioteca universitaria, Dipartimento di storia della Facolt\u00e0 di lettere e filosofia dell\u2019Universit\u00e0 di Ljubljana, Archivio della Repubblica di Slovenia, Facolt\u00e0 di giurisprudenza dell\u2019Universit\u00e0 di Ljubljana, Archivio storico di Ljubljana, Archivio regionale di Nova Gorica, Archivio regionale di Maribor, Archivio storico di Ptuj, Archivio storico di Celje, Biblioteca civica Sre\u010dko Vilhar Capodistria, Centro di ricerche scentifiche Capodistria, Associazione Santorio Santorio, Centro Carlo Combi, Societ\u00e0 storica del Litorale, Archivio diocesano di Capodistria.<\/p>\n<p>La ricca storia di Capodistria sar\u00e0 cos\u00ec pi\u00f9 accessibile ai ricercatori e al pubblico. Secondo le parole del Sindaco del Comune citt\u00e0 di Capodistria sar\u00e0 pi\u00f9 facile studiare e ammirare la nostra storia comune.<\/p>\n<p>\u00abOggi \u00e8 una giornata importante.\u00a0 Non solamente per Capodistria, ma in termini culturali e storici per tutto il Mediterraneo. Capodistria si \u00e8 unita alle citt\u00e0 che hanno gi\u00e0 i facsimile degli Statuti; tra le citt\u00e0 vicine ce li hanno gi\u00e0 Pirano e Isola. \u00c8 importante che oggi lo Statuto sia passato alla gente. Lo Statuto \u00e8 stato consegnato alle organizzazioni pi\u00f9 importanti, sar\u00e0 cos\u00ec pi\u00f9 accessibile a tutti gli appassionati di storia. Noi storici giuridici ringraziamo la direttrice dell\u2019archivio, la Sig.ra \u010cibej, lo <em>spiritus agens <\/em>del progetto. Ringraziamo a nome di tutti anche il Comune citt\u00e0 di Capodistria e il signor sindaco per l\u2019attenzione dimostrata per la storia e la tradizione. La storia \u00e8 importante anche per il presente e il futuro\u00bb, ha spiegato il prof.dr. Marko Kambi\u010d a nome della Facolt\u00e0 di giurisprudenza dell\u2019Universit\u00e0 di Ljubljana.<\/p>\n<p>Foto: CCC<\/p>\n","protected":false},"excerpt":{"rendered":"<p>Il Comune citt\u00e0 di Capodistria, in collaborazione con il Museo regionale di Capodistria e l\u2019Archivio regionale di Capodistria, ha realizzato l\u2019edizione di 99 copie in facsimile dello Statuto di Capodistria dell\u2019anno 1423. Il Sindaco del Comune citt\u00e0 di Capodistria Ale\u0161 Br\u017ean ha consegnato oggi i facsimile alle istituzioni di ricerca. I primi cenni dello Statuto<\/p>\n","protected":false},"author":21,"featured_media":105040,"comment_status":"closed","ping_status":"closed","sticky":false,"template":"","format":"standard","meta":{"_acf_changed":false,"inline_featured_image":false,"footnotes":""},"categories":[282],"tags":[],"class_list":["post-105044","post","type-post","status-publish","format-standard","has-post-thumbnail","hentry","category-generale"],"acf":[],"_links":{"self":[{"href":"https:\/\/www.koper.si\/it\/wp-json\/wp\/v2\/posts\/105044","targetHints":{"allow":["GET"]}}],"collection":[{"href":"https:\/\/www.koper.si\/it\/wp-json\/wp\/v2\/posts"}],"about":[{"href":"https:\/\/www.koper.si\/it\/wp-json\/wp\/v2\/types\/post"}],"author":[{"embeddable":true,"href":"https:\/\/www.koper.si\/it\/wp-json\/wp\/v2\/users\/21"}],"replies":[{"embeddable":true,"href":"https:\/\/www.koper.si\/it\/wp-json\/wp\/v2\/comments?post=105044"}],"version-history":[{"count":1,"href":"https:\/\/www.koper.si\/it\/wp-json\/wp\/v2\/posts\/105044\/revisions"}],"predecessor-version":[{"id":105045,"href":"https:\/\/www.koper.si\/it\/wp-json\/wp\/v2\/posts\/105044\/revisions\/105045"}],"wp:featuredmedia":[{"embeddable":true,"href":"https:\/\/www.koper.si\/it\/wp-json\/wp\/v2\/media\/105040"}],"wp:attachment":[{"href":"https:\/\/www.koper.si\/it\/wp-json\/wp\/v2\/media?parent=105044"}],"wp:term":[{"taxonomy":"category","embeddable":true,"href":"https:\/\/www.koper.si\/it\/wp-json\/wp\/v2\/categories?post=105044"},{"taxonomy":"post_tag","embeddable":true,"href":"https:\/\/www.koper.si\/it\/wp-json\/wp\/v2\/tags?post=105044"}],"curies":[{"name":"wp","href":"https:\/\/api.w.org\/{rel}","templated":true}]}}