{"id":105588,"date":"2024-05-09T15:34:12","date_gmt":"2024-05-09T13:34:12","guid":{"rendered":"https:\/\/www.koper.si\/?p=105588"},"modified":"2024-05-10T10:36:05","modified_gmt":"2024-05-10T08:36:05","slug":"rinnovato-il-sentiero-didattico-delle-fonti-idriche-presso-movraz","status":"publish","type":"post","link":"https:\/\/www.koper.si\/it\/rinnovato-il-sentiero-didattico-delle-fonti-idriche-presso-movraz\/","title":{"rendered":"Rinnovato il sentiero didattico delle fonti idriche presso Movra\u017e"},"content":{"rendered":"<p><strong>Oggi il Comune citt\u00e0 di Capodistria ha inaugurato uno dei progetti pi\u00f9 belli del bilancio partecipativo.\u00a0 Nella valle di Movra\u017e \u00e8 stato inaugurato il sentiero didattico rinnovato delle fonti idriche nel valore di 18.000 euro. \u00c8 ancora in corso la presentazione delle proposte dei progetti del bilancio partecipativo per gli anni 2025 e 2026; il Comune vi dedica per due anni 960.000 euro.<\/strong><\/p>\n<p>Da oggi i visitatori potranno informarsi sulle caratteristiche della valle di Movra\u017e percorrendo il rinnovato sentiero didattico delle fonti idriche con nuova segnaletica informativa, segnali di direzione, tavoli in pietra con sedie per riposarsi, recinzioni in legno e un ponte in legno. I segnali dell\u2019amato sentiero didattico, che passa per il villaggio di Movra\u017e e percorre alcuni dei monumenti culturali e naturali dei dintorni, erano ormai molto usurati e vecchi. Il rinnovo ha migliorato l\u2019immagine grafica del sentiero didattico, che \u00e8 stato anche ripulito, ed \u00e8 adatto sia ai pi\u00f9 piccoli che ai visitatori pi\u00f9 esperti.<\/p>\n<p>Diverse associazioni hanno partecipato al progetto, tra cui l\u2019Associazione turistica e sportiva di Movra\u017e, che curer\u00e0 anche in futuro la manutenzione del sentiero, e la comunit\u00e0 dell\u2019abitato di Movra\u017e. Gli abitanti del villaggio hanno falciato l\u2019erba e ripulito l\u2019intero sentiero e i dintorni, molti di loro, come anche i rappresentanti della Scuola elementare di Gra\u010di\u0161\u010de, hanno partecipato anche a descrivere e raccogliere le fotografie dei cartelli informativi, dedicando diverse ore di lavoro volontario al progetto.<\/p>\n<p>Foto: SE Gra\u010di\u0161\u010de<\/p>\n","protected":false},"excerpt":{"rendered":"<p>Oggi il Comune citt\u00e0 di Capodistria ha inaugurato uno dei progetti pi\u00f9 belli del bilancio partecipativo.\u00a0 Nella valle di Movra\u017e \u00e8 stato inaugurato il sentiero didattico rinnovato delle fonti idriche nel valore di 18.000 euro. \u00c8 ancora in corso la presentazione delle proposte dei progetti del bilancio partecipativo per gli anni 2025 e 2026; il<\/p>\n","protected":false},"author":17,"featured_media":105579,"comment_status":"closed","ping_status":"closed","sticky":false,"template":"","format":"standard","meta":{"_acf_changed":false,"inline_featured_image":false,"footnotes":""},"categories":[282],"tags":[],"class_list":["post-105588","post","type-post","status-publish","format-standard","has-post-thumbnail","hentry","category-generale"],"acf":[],"_links":{"self":[{"href":"https:\/\/www.koper.si\/it\/wp-json\/wp\/v2\/posts\/105588","targetHints":{"allow":["GET"]}}],"collection":[{"href":"https:\/\/www.koper.si\/it\/wp-json\/wp\/v2\/posts"}],"about":[{"href":"https:\/\/www.koper.si\/it\/wp-json\/wp\/v2\/types\/post"}],"author":[{"embeddable":true,"href":"https:\/\/www.koper.si\/it\/wp-json\/wp\/v2\/users\/17"}],"replies":[{"embeddable":true,"href":"https:\/\/www.koper.si\/it\/wp-json\/wp\/v2\/comments?post=105588"}],"version-history":[{"count":1,"href":"https:\/\/www.koper.si\/it\/wp-json\/wp\/v2\/posts\/105588\/revisions"}],"predecessor-version":[{"id":105589,"href":"https:\/\/www.koper.si\/it\/wp-json\/wp\/v2\/posts\/105588\/revisions\/105589"}],"wp:featuredmedia":[{"embeddable":true,"href":"https:\/\/www.koper.si\/it\/wp-json\/wp\/v2\/media\/105579"}],"wp:attachment":[{"href":"https:\/\/www.koper.si\/it\/wp-json\/wp\/v2\/media?parent=105588"}],"wp:term":[{"taxonomy":"category","embeddable":true,"href":"https:\/\/www.koper.si\/it\/wp-json\/wp\/v2\/categories?post=105588"},{"taxonomy":"post_tag","embeddable":true,"href":"https:\/\/www.koper.si\/it\/wp-json\/wp\/v2\/tags?post=105588"}],"curies":[{"name":"wp","href":"https:\/\/api.w.org\/{rel}","templated":true}]}}