{"id":105676,"date":"2024-05-22T07:48:24","date_gmt":"2024-05-22T05:48:24","guid":{"rendered":"https:\/\/www.koper.si\/?p=105676"},"modified":"2024-05-30T15:01:51","modified_gmt":"2024-05-30T13:01:51","slug":"avviso-pubblico-sulla-seconda-esposizione-pubblica-della-bozza-integrata-del-piano-regolatore-comunale-del-comune-citta-di-capodistria","status":"publish","type":"post","link":"https:\/\/www.koper.si\/it\/avviso-pubblico-sulla-seconda-esposizione-pubblica-della-bozza-integrata-del-piano-regolatore-comunale-del-comune-citta-di-capodistria\/","title":{"rendered":"Avviso pubblico sulla seconda esposizione pubblica della bozza integrata del Piano regolatore comunale del Comune citt\u00e0 di Capodistria"},"content":{"rendered":"<p><strong>La seconda esposizione al pubblico della bozza integrata del Piano regolatore comunale del Comune citt\u00e0 di Capodistria e della Relazione ambientale integrata per il PRC del Comune citt\u00e0 di Capodistria con l\u2019integrazione per la valutazione dell\u2019accettabilit\u00e0 dell\u2019impatto dell\u2019attuazione del piano sulle aree soggette a tutela si terr\u00e0 dal 30 maggio 2024 al 30 giugno 2024. In questo periodo sar\u00e0 possibile presentare le osservazioni e le proposte in merito ai materiali esposti. Si terranno due dibattiti pubblici.\u00a0 <\/strong><\/p>\n<p>Il Comune citt\u00e0 di Capodistria esporr\u00e0 al pubblico i seguenti materiali:<\/p>\n<p>&#8211;\u00a0\u00a0\u00a0\u00a0\u00a0\u00a0\u00a0\u00a0\u00a0\u00a0\u00a0\u00a0<strong>\u00a0 la bozza integrata del Piano regolatore comunale del Comune citt\u00e0 di Capodistria<\/strong> (nel testo a seguire: PRC), redatto dall\u2019ente Ljubljanski urbanisti\u010dni zavod, d.d. (S.p.A.), Verov\u0161kova ulica 64, Ljubljana e dall\u2019azienda LOCUS prostorske informacijske re\u0161itve d.o.o. (S.r.l.), Ljubljanska cesta 76, Dom\u017eale in collaborazione con l\u2019azienda PS Prostor d.o.o. (S.r.l.), Via del Porto n. 12, Capodistria e<\/p>\n<p>&#8211;\u00a0\u00a0\u00a0\u00a0\u00a0\u00a0\u00a0\u00a0\u00a0\u00a0\u00a0\u00a0<strong>\u00a0 la Relazione ambientale per il PRC del Comune citt\u00e0 di Capodistria con l\u2019Integrazione per la valutazione dell\u2019accettabilit\u00e0 degli effetti di attuazione sulle aree soggette a tutela<\/strong>, redatti dall\u2019azienda IPSUM, okolje in investicije d.o.o. (S.r.l.), Ljubljanska cesta 72, Dom\u017eale.<\/p>\n<p><strong>I materiali saranno esposti al pubblico dal 30 maggio 2024 al 30 giugno 2024<\/strong>:<\/p>\n<ul>\n<li>sulla <a href=\"https:\/\/www.koper.si\/obcina\/obcinski-prostorski-nacrt-mestne-obcine-koper\/druga-javna-razgrnitev\/\">pagina web del Comune citt\u00e0 di Capodistria<\/a> (parte testuale e parte grafica),<\/li>\n<li>nell\u2019atrio del Comune citt\u00e0 di Capodistria, Via Giuseppe Verdi n. 10, Capodistria (parte testuale).<\/li>\n<\/ul>\n<p><img loading=\"lazy\" decoding=\"async\" class=\"alignnone wp-image-105718\" src=\"https:\/\/www.koper.si\/wp-content\/uploads\/2024\/05\/mok_OPN_WEB_ITA.jpg\" alt=\"\" width=\"656\" height=\"492\" srcset=\"https:\/\/www.koper.si\/wp-content\/uploads\/2024\/05\/mok_OPN_WEB_ITA.jpg 2500w, https:\/\/www.koper.si\/wp-content\/uploads\/2024\/05\/mok_OPN_WEB_ITA-768x576.jpg 768w, https:\/\/www.koper.si\/wp-content\/uploads\/2024\/05\/mok_OPN_WEB_ITA-1536x1152.jpg 1536w, https:\/\/www.koper.si\/wp-content\/uploads\/2024\/05\/mok_OPN_WEB_ITA-2048x1536.jpg 2048w\" sizes=\"auto, (max-width: 656px) 100vw, 656px\" \/><\/p>\n<p>Verranno realizzati due dibattiti pubblici, e cio\u00e8 <strong>il primo gioved\u00ec, 6 giugno 2024, alle ore 18.00 e il secondo marted\u00ec, 11 giugno 2024<\/strong>. <strong>Entrambi i dibattiti pubblici si terranno nella sala cerimonie ed eventi San Francesco d\u2019Assisi a Capodistria con inizio alle ore 18<\/strong>.<\/p>\n<p>Durante l\u2019esposizione al pubblico il pubblico pu\u00f2 presentare le osservazioni e le proposte in merito ai materiali esposti. <strong>Il termine per la presentazione delle osservazioni e delle proposte \u00e8 domenica, 30 giugno 2024<\/strong>.<\/p>\n<p>L\u2019avviso pubblico con ulteriori informazioni relative allo svolgimento dell\u2019esposizione al pubblico e dei dibattiti pubblici, nonch\u00e9 alla presentazione di osservazioni e proposte \u00e8 pubblicato sul portale web del Comune citt\u00e0 di Capodistria (<a href=\"https:\/\/www.koper.si\/wp-content\/uploads\/2015\/09\/Javno_naznanilo_2JR-2dO-OPN.pdf\">https:\/\/www.koper.si\/regulation\/obcinski-prostorski-nacrt\/<\/a>) e sugli albi del Comune citt\u00e0 di Capodistria e delle singole comunit\u00e0 locali del CCC.<\/p>\n","protected":false},"excerpt":{"rendered":"<p>La seconda esposizione al pubblico della bozza integrata del Piano regolatore comunale del Comune citt\u00e0 di Capodistria e della Relazione ambientale integrata per il PRC del Comune citt\u00e0 di Capodistria con l\u2019integrazione per la valutazione dell\u2019accettabilit\u00e0 dell\u2019impatto dell\u2019attuazione del piano sulle aree soggette a tutela si terr\u00e0 dal 30 maggio 2024 al 30 giugno 2024.<\/p>\n","protected":false},"author":21,"featured_media":105674,"comment_status":"closed","ping_status":"closed","sticky":false,"template":"","format":"standard","meta":{"_acf_changed":false,"inline_featured_image":false,"footnotes":""},"categories":[282,284,286],"tags":[],"class_list":["post-105676","post","type-post","status-publish","format-standard","has-post-thumbnail","hentry","category-generale","category-ptc","category-assetto-del-territorio"],"acf":[],"_links":{"self":[{"href":"https:\/\/www.koper.si\/it\/wp-json\/wp\/v2\/posts\/105676","targetHints":{"allow":["GET"]}}],"collection":[{"href":"https:\/\/www.koper.si\/it\/wp-json\/wp\/v2\/posts"}],"about":[{"href":"https:\/\/www.koper.si\/it\/wp-json\/wp\/v2\/types\/post"}],"author":[{"embeddable":true,"href":"https:\/\/www.koper.si\/it\/wp-json\/wp\/v2\/users\/21"}],"replies":[{"embeddable":true,"href":"https:\/\/www.koper.si\/it\/wp-json\/wp\/v2\/comments?post=105676"}],"version-history":[{"count":7,"href":"https:\/\/www.koper.si\/it\/wp-json\/wp\/v2\/posts\/105676\/revisions"}],"predecessor-version":[{"id":105963,"href":"https:\/\/www.koper.si\/it\/wp-json\/wp\/v2\/posts\/105676\/revisions\/105963"}],"wp:featuredmedia":[{"embeddable":true,"href":"https:\/\/www.koper.si\/it\/wp-json\/wp\/v2\/media\/105674"}],"wp:attachment":[{"href":"https:\/\/www.koper.si\/it\/wp-json\/wp\/v2\/media?parent=105676"}],"wp:term":[{"taxonomy":"category","embeddable":true,"href":"https:\/\/www.koper.si\/it\/wp-json\/wp\/v2\/categories?post=105676"},{"taxonomy":"post_tag","embeddable":true,"href":"https:\/\/www.koper.si\/it\/wp-json\/wp\/v2\/tags?post=105676"}],"curies":[{"name":"wp","href":"https:\/\/api.w.org\/{rel}","templated":true}]}}