{"id":106082,"date":"2024-05-31T09:07:58","date_gmt":"2024-05-31T07:07:58","guid":{"rendered":"https:\/\/www.koper.si\/?p=106082"},"modified":"2024-06-04T10:08:36","modified_gmt":"2024-06-04T08:08:36","slug":"stabilimenti-balneari-di-capodistria-pronti-per-la-riapertura","status":"publish","type":"post","link":"https:\/\/www.koper.si\/it\/stabilimenti-balneari-di-capodistria-pronti-per-la-riapertura\/","title":{"rendered":"Stabilimenti balneari di Capodistria pronti per la riapertura"},"content":{"rendered":"<p><strong>L&#8217;estate \u00e8 ormai alle porte, le giornate sono sempre pi\u00f9 lunghe, le temperature sempre pi\u00f9 calde e sabato 1\u00b0 giugno si aprir\u00e0 ufficialmente la stagione balneare. Anche quest&#8217;anno, il Comune citt\u00e0 di Capodistria e l\u2019azienda pubblica Marjetica Koper si sono adoperati per garantire un&#8217;esperienza sicura e piacevole negli stabilimenti balneari cittadini. <\/strong><\/p>\n<p>All&#8217;inizio della stagione balneare, l\u2019azienda Marjetica Koper ha ristrutturato parte delle superfici in cemento usurate dello stabilimento balneare cittadino di Capodistria ed eseguito tutti i lavori di manutenzione necessari. Ha verniciato i moli, la torre di osservazione e le superfici in cemento, ristrutturato le superfici in legno, potato gli alberi e tagliato l\u2019erba. Il gestore dello stabilimento balneare ha pulito anche i gradini per un accesso pi\u00f9 sicuro al mare, eseguito gli interventi di ripascimento con ghiaietto ed installato sbarramenti e piattaforme in mare.<\/p>\n<p>Lo stabilimento balneare di Giusterna aprir\u00e0 la stagione con superfici in legno e steccati ristrutturati e superfici in cemento riverniciate. Il gestore ha ripulito l\u2019alveo del torrente e la piscina per bambini, potato gli alberi e tagliato l&#8217;erba. Inoltre, ha installato sbarramenti e piattaforme in mare. A partire da giugno, la piscina olimpionica di Giusterna sar\u00e0 aperta agli utenti nei giorni feriali tra le 6.00 e le 20.00, e il sabato e la domenica tra le 8.00 e le 18.00.<\/p>\n<p>Il parco costiero, che ufficialmente non \u00e8 un\u2019area balneare ma \u00e8 una meta popolare per trascorrere le giornate estive in riva al mare, quest&#8217;anno sar\u00e0 ancora pi\u00f9 attraente. Il Comune di Capodistria provveder\u00e0 a breve all&#8217;illuminazione decorativa delle panchine lineari in cemento e delle tre piccole baie in ghiaia. L\u2019azienda Marjetica Koper ha eseguito gli interventi di ripascimento delle baie con ghiaietto e ripristinato i manti erbosi. Anche quest&#8217;anno, nella prima baietta presso la foce del Cornalunga trover\u00e0 luogo la spiaggia per cani. Fino all&#8217;autunno, il parco balneare offrir\u00e0 una variegata offerta gastronomica a cura di Goistra, un&#8217;azienda di Capodistria selezionata dal Comune in una recente gara d&#8217;appalto pubblica, mentre nel vicino Centro di sport acquatici, anche quest&#8217;estate la Active Koper continuer\u00e0 a proporre un&#8217;ampia gamma di attivit\u00e0 acquatiche e di intrattenimento per tutte le generazioni di utenti.<\/p>\n<p>Foto: MOK<\/p>\n","protected":false},"excerpt":{"rendered":"<p>L&#8217;estate \u00e8 ormai alle porte, le giornate sono sempre pi\u00f9 lunghe, le temperature sempre pi\u00f9 calde e sabato 1\u00b0 giugno si aprir\u00e0 ufficialmente la stagione balneare. Anche quest&#8217;anno, il Comune citt\u00e0 di Capodistria e l\u2019azienda pubblica Marjetica Koper si sono adoperati per garantire un&#8217;esperienza sicura e piacevole negli stabilimenti balneari cittadini. All&#8217;inizio della stagione balneare,<\/p>\n","protected":false},"author":21,"featured_media":106035,"comment_status":"closed","ping_status":"closed","sticky":false,"template":"","format":"standard","meta":{"_acf_changed":false,"inline_featured_image":false,"footnotes":""},"categories":[282],"tags":[],"class_list":["post-106082","post","type-post","status-publish","format-standard","has-post-thumbnail","hentry","category-generale"],"acf":[],"_links":{"self":[{"href":"https:\/\/www.koper.si\/it\/wp-json\/wp\/v2\/posts\/106082","targetHints":{"allow":["GET"]}}],"collection":[{"href":"https:\/\/www.koper.si\/it\/wp-json\/wp\/v2\/posts"}],"about":[{"href":"https:\/\/www.koper.si\/it\/wp-json\/wp\/v2\/types\/post"}],"author":[{"embeddable":true,"href":"https:\/\/www.koper.si\/it\/wp-json\/wp\/v2\/users\/21"}],"replies":[{"embeddable":true,"href":"https:\/\/www.koper.si\/it\/wp-json\/wp\/v2\/comments?post=106082"}],"version-history":[{"count":2,"href":"https:\/\/www.koper.si\/it\/wp-json\/wp\/v2\/posts\/106082\/revisions"}],"predecessor-version":[{"id":106084,"href":"https:\/\/www.koper.si\/it\/wp-json\/wp\/v2\/posts\/106082\/revisions\/106084"}],"wp:featuredmedia":[{"embeddable":true,"href":"https:\/\/www.koper.si\/it\/wp-json\/wp\/v2\/media\/106035"}],"wp:attachment":[{"href":"https:\/\/www.koper.si\/it\/wp-json\/wp\/v2\/media?parent=106082"}],"wp:term":[{"taxonomy":"category","embeddable":true,"href":"https:\/\/www.koper.si\/it\/wp-json\/wp\/v2\/categories?post=106082"},{"taxonomy":"post_tag","embeddable":true,"href":"https:\/\/www.koper.si\/it\/wp-json\/wp\/v2\/tags?post=106082"}],"curies":[{"name":"wp","href":"https:\/\/api.w.org\/{rel}","templated":true}]}}