{"id":106289,"date":"2024-06-20T09:43:28","date_gmt":"2024-06-20T07:43:28","guid":{"rendered":"https:\/\/www.koper.si\/?p=106289"},"modified":"2024-06-20T09:43:28","modified_gmt":"2024-06-20T07:43:28","slug":"premiati-107-migliori-alunni-delle-scuole-elementari-di-capodistria","status":"publish","type":"post","link":"https:\/\/www.koper.si\/it\/premiati-107-migliori-alunni-delle-scuole-elementari-di-capodistria\/","title":{"rendered":"Premiati 107 migliori alunni delle Scuole elementari di Capodistria"},"content":{"rendered":"<p><strong>Ieri a Marezige il Sindaco del Comune citt\u00e0 di Capodistria Ale\u0161 Br\u017ean ha accolto i migliori alunni delle none classi e ha consegnato loro dei particolari riconoscimenti per l\u2019ottimo profitto in tutti i nove anni della scuola elementare. <\/strong><\/p>\n<p>Quest\u2019anno 107 alunni e alunne hanno conseguito l\u2019ottimo profitto in tutti gli anni della Scuola elementare. Gli alunni vengono dalle undici scuole elementari di Capodistria, e cio\u00e8: SE dr. Ale\u0161 Bebler Primo\u017e Crevatini, SE Anton Ukmar, SE Dekani, SE Du\u0161an Bordon, SE Elvira Vatovec Prade, SE Ivan Babi\u010d Jager Marezige, SE Istrskega odreda Gra\u010di\u0161\u010de, SE Oskar Kova\u010di\u010d \u0160kofije, SE \u0160marje, SE Capodistria e SE Pier Paolo Vergerio il Vecchio.<\/p>\n<p>Il sindaco ha consegnato agli alunni dei particolari riconoscimenti con le congratulazioni per il successo conseguito. Oltre al riconoscimento, le alunne e gli alunni hanno ricevuto il libro Vihar v meni dell\u2019autrice Nejka Omahen \u0160ikonja, un sacchetto in iuta e l\u2019asciugamano del Comune citt\u00e0 di Capodistria.<\/p>\n<p>Il programma si \u00e8 svolto a Marezige con una vista spettacolare sul Golfo di Capodistria e sul Golfo di Trieste, alla fine si \u00e8 esibito anche il gruppo sloveno BOOOM!<\/p>\n<p>Foto: Jakob Bu\u017ean<\/p>\n","protected":false},"excerpt":{"rendered":"<p>Ieri a Marezige il Sindaco del Comune citt\u00e0 di Capodistria Ale\u0161 Br\u017ean ha accolto i migliori alunni delle none classi e ha consegnato loro dei particolari riconoscimenti per l\u2019ottimo profitto in tutti i nove anni della scuola elementare. Quest\u2019anno 107 alunni e alunne hanno conseguito l\u2019ottimo profitto in tutti gli anni della Scuola elementare. Gli<\/p>\n","protected":false},"author":21,"featured_media":106290,"comment_status":"closed","ping_status":"closed","sticky":false,"template":"","format":"standard","meta":{"_acf_changed":false,"inline_featured_image":false,"footnotes":""},"categories":[282],"tags":[],"class_list":["post-106289","post","type-post","status-publish","format-standard","has-post-thumbnail","hentry","category-generale"],"acf":[],"_links":{"self":[{"href":"https:\/\/www.koper.si\/it\/wp-json\/wp\/v2\/posts\/106289","targetHints":{"allow":["GET"]}}],"collection":[{"href":"https:\/\/www.koper.si\/it\/wp-json\/wp\/v2\/posts"}],"about":[{"href":"https:\/\/www.koper.si\/it\/wp-json\/wp\/v2\/types\/post"}],"author":[{"embeddable":true,"href":"https:\/\/www.koper.si\/it\/wp-json\/wp\/v2\/users\/21"}],"replies":[{"embeddable":true,"href":"https:\/\/www.koper.si\/it\/wp-json\/wp\/v2\/comments?post=106289"}],"version-history":[{"count":2,"href":"https:\/\/www.koper.si\/it\/wp-json\/wp\/v2\/posts\/106289\/revisions"}],"predecessor-version":[{"id":106293,"href":"https:\/\/www.koper.si\/it\/wp-json\/wp\/v2\/posts\/106289\/revisions\/106293"}],"wp:featuredmedia":[{"embeddable":true,"href":"https:\/\/www.koper.si\/it\/wp-json\/wp\/v2\/media\/106290"}],"wp:attachment":[{"href":"https:\/\/www.koper.si\/it\/wp-json\/wp\/v2\/media?parent=106289"}],"wp:term":[{"taxonomy":"category","embeddable":true,"href":"https:\/\/www.koper.si\/it\/wp-json\/wp\/v2\/categories?post=106289"},{"taxonomy":"post_tag","embeddable":true,"href":"https:\/\/www.koper.si\/it\/wp-json\/wp\/v2\/tags?post=106289"}],"curies":[{"name":"wp","href":"https:\/\/api.w.org\/{rel}","templated":true}]}}