{"id":106507,"date":"2024-07-01T14:18:04","date_gmt":"2024-07-01T12:18:04","guid":{"rendered":"https:\/\/www.koper.si\/?p=106507"},"modified":"2024-07-01T14:18:04","modified_gmt":"2024-07-01T12:18:04","slug":"conclusa-la-seconda-esposizione-pubblica-della-bozza-integrata-del-prc-del-comune-citta-di-capodistria","status":"publish","type":"post","link":"https:\/\/www.koper.si\/it\/conclusa-la-seconda-esposizione-pubblica-della-bozza-integrata-del-prc-del-comune-citta-di-capodistria\/","title":{"rendered":"Conclusa la seconda esposizione pubblica della bozza integrata del PRC del Comune citt\u00e0 di Capodistria"},"content":{"rendered":"<p>Domenica, 30 giugno, si \u00e8 conclusa la seconda esposizione pubblica della bozza integrata del Piano regolatore comunale del Comune citt\u00e0 di Capodistria. La bozza integrata del PRC era esposta al pubblico dal 30 maggio al 30 giugno 2024. Nell\u2019ambito dell\u2019esposizione al pubblico il Comune citt\u00e0 di Capodistria ha organizzato due dibattiti pubblici.<\/p>\n<p>I cittadini hanno presentato le osservazioni al Comune citt\u00e0 di Capodistria anche durante la seconda esposizione al pubblico. Il procedimento di stesura dell\u2019atto territoriale prevede ora di redigere le prese di posizione del Comune in merito alle osservazioni presentate.<\/p>\n<p>La conclusione dell\u2019esposizione al pubblico della bozza integrata del PRC non significa che sia gi\u00e0 stato redatto il testo finale del documento. Il procedimento di stesura dell\u2019atto territoriale prevede ora l\u2019elaborazione delle prese di posizione alle osservazioni e proposte presentate dalle cittadine e dai cittadini, dai Consigli delle Comunit\u00e0 locali e dagli altri soggetti interessati. Il Comune citt\u00e0 di Capodistria pubblicher\u00e0 le prese di posizione in merito a tutte le osservazioni presentate durante l\u2019esposizione al pubblico in un documento a parte. Seguir\u00e0 la stesura della proposta del PRC, l\u2019acquisizione dei pareri degli enti titolari all\u2019assetto del territorio e la decisione sull\u2019accettabilit\u00e0 del PRC per l\u2019ambiente.<\/p>\n<p>Foto: CCC<\/p>\n","protected":false},"excerpt":{"rendered":"<p>Domenica, 30 giugno, si \u00e8 conclusa la seconda esposizione pubblica della bozza integrata del Piano regolatore comunale del Comune citt\u00e0 di Capodistria. La bozza integrata del PRC era esposta al pubblico dal 30 maggio al 30 giugno 2024. Nell\u2019ambito dell\u2019esposizione al pubblico il Comune citt\u00e0 di Capodistria ha organizzato due dibattiti pubblici. I cittadini hanno<\/p>\n","protected":false},"author":17,"featured_media":100885,"comment_status":"closed","ping_status":"closed","sticky":false,"template":"","format":"standard","meta":{"_acf_changed":false,"inline_featured_image":false,"footnotes":""},"categories":[284],"tags":[],"class_list":["post-106507","post","type-post","status-publish","format-standard","has-post-thumbnail","hentry","category-ptc"],"acf":[],"_links":{"self":[{"href":"https:\/\/www.koper.si\/it\/wp-json\/wp\/v2\/posts\/106507","targetHints":{"allow":["GET"]}}],"collection":[{"href":"https:\/\/www.koper.si\/it\/wp-json\/wp\/v2\/posts"}],"about":[{"href":"https:\/\/www.koper.si\/it\/wp-json\/wp\/v2\/types\/post"}],"author":[{"embeddable":true,"href":"https:\/\/www.koper.si\/it\/wp-json\/wp\/v2\/users\/17"}],"replies":[{"embeddable":true,"href":"https:\/\/www.koper.si\/it\/wp-json\/wp\/v2\/comments?post=106507"}],"version-history":[{"count":1,"href":"https:\/\/www.koper.si\/it\/wp-json\/wp\/v2\/posts\/106507\/revisions"}],"predecessor-version":[{"id":106508,"href":"https:\/\/www.koper.si\/it\/wp-json\/wp\/v2\/posts\/106507\/revisions\/106508"}],"wp:featuredmedia":[{"embeddable":true,"href":"https:\/\/www.koper.si\/it\/wp-json\/wp\/v2\/media\/100885"}],"wp:attachment":[{"href":"https:\/\/www.koper.si\/it\/wp-json\/wp\/v2\/media?parent=106507"}],"wp:term":[{"taxonomy":"category","embeddable":true,"href":"https:\/\/www.koper.si\/it\/wp-json\/wp\/v2\/categories?post=106507"},{"taxonomy":"post_tag","embeddable":true,"href":"https:\/\/www.koper.si\/it\/wp-json\/wp\/v2\/tags?post=106507"}],"curies":[{"name":"wp","href":"https:\/\/api.w.org\/{rel}","templated":true}]}}