{"id":106592,"date":"2024-07-08T14:47:20","date_gmt":"2024-07-08T12:47:20","guid":{"rendered":"https:\/\/www.koper.si\/?p=106592"},"modified":"2024-07-08T14:47:20","modified_gmt":"2024-07-08T12:47:20","slug":"lettera-di-sostegno-alla-fondazione-della-terza-facolta-slovena-di-medicina-nellambito-delluniversita-del-litorale","status":"publish","type":"post","link":"https:\/\/www.koper.si\/it\/lettera-di-sostegno-alla-fondazione-della-terza-facolta-slovena-di-medicina-nellambito-delluniversita-del-litorale\/","title":{"rendered":"Lettera di sostegno alla fondazione della terza facolt\u00e0 slovena di medicina nell\u2019ambito dell\u2019Universit\u00e0 del Litorale"},"content":{"rendered":"<p><strong>I sindaci dei quattro comuni dell\u2019Istria slovena, che si sono riuniti al coordinamento P.I.K.A., hanno firmato la Lettera di sostegno alla fondazione della terza facolt\u00e0 slovena di medicina nell\u2019ambito dell\u2019Universit\u00e0 del Litorale.<\/strong><\/p>\n<p>Secondo il loro parere, la fondazione della facolt\u00e0 di medicina nell\u2019Istria slovena contribuir\u00e0 allo sviluppo e a migliorare i servizi sanitari nella zona; abilitando le future generazioni di medici e personale sanitario indirizzer\u00e0 la problematica della mancanza di personale nelle istituzioni sanitarie slovene ed offrir\u00e0 agli studenti la possibilit\u00e0 di istruzione nell\u2019ambiente locale.<\/p>\n<p>I sindaci hanno motivato il proprio sostegno alla fondazione della terza facolt\u00e0 slovena di medicina nell\u2019ambito dell\u2019Universit\u00e0 del Litorale sottolineando l\u2019importanza dell\u2019istruzione del personale medico per l\u2019esistenza e lo sviluppo dell\u2019assistenza sanitaria nella nostra regione e nel Paese.<\/p>\n<p>\u00abL\u2019impegno dei quattro comuni dell\u2019Istria slovena nella fondazione della terza facolt\u00e0 slovena di medicina dimostra il nostro comune impegno a creare condizioni migliori per i cittadini e la qualit\u00e0 della vita nella regione, al contempo ci impegniamo a risolvere la problematica della mancanza di personale medico a livello nazionale. Siamo convinti che la facolt\u00e0 di medicina diventer\u00e0 il centro dell\u2019istruzione e dell\u2019abilitazione nel campo sanitario e porter\u00e0 cambiamenti positivi per tutti noi,\u00bb hanno scritto i sindaci nella loro lettera di sostegno.<\/p>\n<p>Foto: CCC<\/p>\n","protected":false},"excerpt":{"rendered":"<p>I sindaci dei quattro comuni dell\u2019Istria slovena, che si sono riuniti al coordinamento P.I.K.A., hanno firmato la Lettera di sostegno alla fondazione della terza facolt\u00e0 slovena di medicina nell\u2019ambito dell\u2019Universit\u00e0 del Litorale. Secondo il loro parere, la fondazione della facolt\u00e0 di medicina nell\u2019Istria slovena contribuir\u00e0 allo sviluppo e a migliorare i servizi sanitari nella zona;<\/p>\n","protected":false},"author":21,"featured_media":106590,"comment_status":"closed","ping_status":"closed","sticky":false,"template":"","format":"standard","meta":{"_acf_changed":false,"inline_featured_image":false,"footnotes":""},"categories":[282],"tags":[],"class_list":["post-106592","post","type-post","status-publish","format-standard","has-post-thumbnail","hentry","category-generale"],"acf":[],"_links":{"self":[{"href":"https:\/\/www.koper.si\/it\/wp-json\/wp\/v2\/posts\/106592","targetHints":{"allow":["GET"]}}],"collection":[{"href":"https:\/\/www.koper.si\/it\/wp-json\/wp\/v2\/posts"}],"about":[{"href":"https:\/\/www.koper.si\/it\/wp-json\/wp\/v2\/types\/post"}],"author":[{"embeddable":true,"href":"https:\/\/www.koper.si\/it\/wp-json\/wp\/v2\/users\/21"}],"replies":[{"embeddable":true,"href":"https:\/\/www.koper.si\/it\/wp-json\/wp\/v2\/comments?post=106592"}],"version-history":[{"count":2,"href":"https:\/\/www.koper.si\/it\/wp-json\/wp\/v2\/posts\/106592\/revisions"}],"predecessor-version":[{"id":106594,"href":"https:\/\/www.koper.si\/it\/wp-json\/wp\/v2\/posts\/106592\/revisions\/106594"}],"wp:featuredmedia":[{"embeddable":true,"href":"https:\/\/www.koper.si\/it\/wp-json\/wp\/v2\/media\/106590"}],"wp:attachment":[{"href":"https:\/\/www.koper.si\/it\/wp-json\/wp\/v2\/media?parent=106592"}],"wp:term":[{"taxonomy":"category","embeddable":true,"href":"https:\/\/www.koper.si\/it\/wp-json\/wp\/v2\/categories?post=106592"},{"taxonomy":"post_tag","embeddable":true,"href":"https:\/\/www.koper.si\/it\/wp-json\/wp\/v2\/tags?post=106592"}],"curies":[{"name":"wp","href":"https:\/\/api.w.org\/{rel}","templated":true}]}}