{"id":106984,"date":"2024-09-02T13:43:24","date_gmt":"2024-09-02T11:43:24","guid":{"rendered":"https:\/\/www.koper.si\/?p=106984"},"modified":"2024-09-02T13:43:24","modified_gmt":"2024-09-02T11:43:24","slug":"modifiche-al-regime-di-parcheggio-durante-la-coppa-mondiale-di-arrampicata-sportiva","status":"publish","type":"post","link":"https:\/\/www.koper.si\/it\/modifiche-al-regime-di-parcheggio-durante-la-coppa-mondiale-di-arrampicata-sportiva\/","title":{"rendered":"Modifiche al regime di parcheggio durante la coppa mondiale di arrampicata sportiva"},"content":{"rendered":"<p><strong>Questo fine settimana Capodistria ospiter\u00e0 un evento sportivo eccezionale. Venerd\u00ec e sabato, 6 e 7 settembre, torna infatti a Capodistria la Coppa mondiale di arrampicata sportiva Koper 2024. Da mercoled\u00ec, 4 settembre, rimarranno chiusi i parcheggi limitrofi. <\/strong><\/p>\n<p>Da mercoled\u00ec, 4 settembre, fino a domenica, 8 settembre, rimarr\u00e0 chiuso il parcheggio presso lo Stadio atletico. Sabato, 7 settembre, rimarr\u00e0 chiuso il parcheggio presso lo stadio di calcio di Bonifika. Sabato dalle ore 7 alle ore 23 il traffico tra il parcheggio Stadio e la parete di arrampicata sar\u00e0 a senso unico; gli autisti verranno avvisati dalla segnaletica stradale.<\/p>\n<p>Capodistria ospiter\u00e0 la coppa mondiale di arrampicata sportiva gi\u00e0 per la terza volta consecutiva. Quest\u2019anno gli organizzatori promettono un\u2019esperienza indimenticabile all\u2019evento che si terr\u00e0 alla parete di arrampicata del Centro di arrampicata Plus Climbing di Capodistria.<\/p>\n<p>L\u2019evento sportivo di Capodistria sar\u00e0 infatti la prima tappa dei migliori sportivi e sportive dopo i Giochi Olimpici Parigi 2024. Dopo le Olimpiadi di Parigi potremmo ammirare la campionessa d\u2019oro Janja Garnbret, come anche Mia Krampl e Luka Poto\u010dar, anche loro olimpionici di Parigi.<\/p>\n<p>Foto: CCC<\/p>\n","protected":false},"excerpt":{"rendered":"<p>Questo fine settimana Capodistria ospiter\u00e0 un evento sportivo eccezionale. Venerd\u00ec e sabato, 6 e 7 settembre, torna infatti a Capodistria la Coppa mondiale di arrampicata sportiva Koper 2024. Da mercoled\u00ec, 4 settembre, rimarranno chiusi i parcheggi limitrofi. Da mercoled\u00ec, 4 settembre, fino a domenica, 8 settembre, rimarr\u00e0 chiuso il parcheggio presso lo Stadio atletico. Sabato,<\/p>\n","protected":false},"author":17,"featured_media":95058,"comment_status":"closed","ping_status":"closed","sticky":false,"template":"","format":"standard","meta":{"_acf_changed":false,"inline_featured_image":false,"footnotes":""},"categories":[282],"tags":[],"class_list":["post-106984","post","type-post","status-publish","format-standard","has-post-thumbnail","hentry","category-generale"],"acf":[],"_links":{"self":[{"href":"https:\/\/www.koper.si\/it\/wp-json\/wp\/v2\/posts\/106984","targetHints":{"allow":["GET"]}}],"collection":[{"href":"https:\/\/www.koper.si\/it\/wp-json\/wp\/v2\/posts"}],"about":[{"href":"https:\/\/www.koper.si\/it\/wp-json\/wp\/v2\/types\/post"}],"author":[{"embeddable":true,"href":"https:\/\/www.koper.si\/it\/wp-json\/wp\/v2\/users\/17"}],"replies":[{"embeddable":true,"href":"https:\/\/www.koper.si\/it\/wp-json\/wp\/v2\/comments?post=106984"}],"version-history":[{"count":2,"href":"https:\/\/www.koper.si\/it\/wp-json\/wp\/v2\/posts\/106984\/revisions"}],"predecessor-version":[{"id":106986,"href":"https:\/\/www.koper.si\/it\/wp-json\/wp\/v2\/posts\/106984\/revisions\/106986"}],"wp:featuredmedia":[{"embeddable":true,"href":"https:\/\/www.koper.si\/it\/wp-json\/wp\/v2\/media\/95058"}],"wp:attachment":[{"href":"https:\/\/www.koper.si\/it\/wp-json\/wp\/v2\/media?parent=106984"}],"wp:term":[{"taxonomy":"category","embeddable":true,"href":"https:\/\/www.koper.si\/it\/wp-json\/wp\/v2\/categories?post=106984"},{"taxonomy":"post_tag","embeddable":true,"href":"https:\/\/www.koper.si\/it\/wp-json\/wp\/v2\/tags?post=106984"}],"curies":[{"name":"wp","href":"https:\/\/api.w.org\/{rel}","templated":true}]}}