{"id":107177,"date":"2024-09-13T08:19:40","date_gmt":"2024-09-13T06:19:40","guid":{"rendered":"https:\/\/www.koper.si\/?p=107177"},"modified":"2024-09-13T08:19:40","modified_gmt":"2024-09-13T06:19:40","slug":"lezioni-di-guida-di-aggiornamento-per-gli-anziani-durante-la-settimana-europea-della-mobilita","status":"publish","type":"post","link":"https:\/\/www.koper.si\/it\/lezioni-di-guida-di-aggiornamento-per-gli-anziani-durante-la-settimana-europea-della-mobilita\/","title":{"rendered":"Lezioni di guida di aggiornamento per gli anziani durante la Settimana europea della mobilit\u00e0"},"content":{"rendered":"<p><strong>Quest\u2019anno il Comune citt\u00e0 di Capodistria partecipa gi\u00e0 per la 23<sup>a<\/sup> volta alla campagna pi\u00f9 importante della mobilit\u00e0 sostenibile al mondo, la Settimana europea della mobilit\u00e0. Dal 16 al 22 settembre si svolgeranno diverse attivit\u00e0 dedicate a tutte le generazioni. La novit\u00e0 di quest\u2019anno sono le lezioni di guida di aggiornamento per gli anziani: si tratta di un progetto della Zavarovalnica Triglav, organizzato in collaborazione con l\u2019AMZS. <\/strong><\/p>\n<p>Durante la Settimana europea della mobilit\u00e0, dal 16 al 22 settembre, il Comune citt\u00e0 di Capodistria offrir\u00e0 alle cittadine e ai cittadini una serie di attivit\u00e0 atte a sensibilizzare e promuovere l\u2019utilizzo delle forme pi\u00f9 sostenibili di trasporto.<\/p>\n<p>L\u2019evento principale, il Festival della mobilit\u00e0 sostenibile, si terr\u00e0 sabato, 21 settembre, in Piazza Anton Ukmar, dalle ore 9 alle ore 13. Oltre a presentare le associazioni del settore della tutela dell\u2019ambiente e della salute, il festival comprende anche vari poligoni, la prova della camminata, le esibizioni di danza, uno spettacolo tematico per i bambini e la Corsa con il pap\u00e0 (Test s tatijem), dove i protagonisti della corsa lungo la Via del Porto saranno i bambini con i loro pap\u00e0. Dalla mattinata fino alle ore 18 si svolger\u00e0 in Piazza Anton Ukmar anche la Fiera verde di prodotti naturali e vegani.<\/p>\n<p>Venerd\u00ec, 20 settembre, di mattino, il parcheggio in Piazza Anton Ukmar si trasformer\u00e0 in un parco per diverse attivit\u00e0 dei bambini degli asili e delle scuole elementari capodistriane. La giornata offrir\u00e0 diversi laboratori, presentazioni dei vigili del fuoco, dei poliziotti e delle associazioni per l\u2019informazione sull\u2019importanza della tutela dell\u2019ambiente e della salute, poligoni e animazioni di danza e spettacolo.<\/p>\n<p>Un importante novit\u00e0 di quest\u2019anno sono le lezioni di guida di aggiornamento per gli anziani che si svolgeranno in Piazza Anton Ukmar gioved\u00ec, 19 settembre, dalle ore 8 alle ore 17. Le lezioni di guida di aggiornamento vengono promosse dalla Zavarovalnica triglav, in collaborazione con l\u2019AMZS, in tutta la Slovenia. Si tratta di un\u2019ora gratuita di guida in citt\u00e0 con un insegnante di guida, dedicata alle persone di et\u00e0 superiore ai 60 anni, da svolgere con la propria macchina. Ulteriori informazioni sulle lezioni di guida di aggiornamento sono reperibili sulla pagina web della Zavarovalnica triglav sul <a href=\"https:\/\/vozimse.si\/osvezitvena-voznja\/\" target=\"_blank\" rel=\"noopener\">collegamento web<\/a>.<\/p>\n<p>Anche quest\u2019anno, la Settimana europea della mobilit\u00e0, offrir\u00e0 a tutti coloro che si recheranno marted\u00ec, 17 settembre a lavoro o a scuola in bici, la Colazione del ciclista in Via del Porto presso la libreria Mladinska knjiga; lo stesso giorno alle ore 17 invece il Centro delle attivit\u00e0 diurne organizzer\u00e0 una lezione sull\u2019importanza di camminare in caso di demenza, mentre domenica, 22 settembre, sar\u00e0 allestita una caffetteria in Piazza Anton Ukmar in occasione della conclusione dell\u2019evento.<\/p>\n<p>Durante la Settimana europea della mobilit\u00e0 nel Comune citt\u00e0 di Capodistria le corse in autobus urbane ed interurbane sono gratuite, numerosi asili e scuole elementari capodistriane invece promuoveranno le forme sostenibili di trasporto.<\/p>\n<p>Le attivit\u00e0 della Settimana europea della mobilit\u00e0 sono svolte nell\u2019ambito del progetto LIFE IP CARE4CLIMATE e cofinanziate dal Ministero per l\u2019ambiente, il clima e l\u2019energia. L\u2019intero programma della Settimana europea della mobilit\u00e0 sono reperibili sul <a href=\"https:\/\/zdravomesto.org\/evropski-teden-mobilnosti\/\" target=\"_blank\" rel=\"noopener\">collegamento web<\/a>.<\/p>\n<p>Dal 15 al 22 settembre rimarr\u00e0 chiuso il parcheggio in Piazza Anton Ukmar. Sabato, 21 settembre, dalle ore 10 alle ore 11.30 rimarr\u00e0 chiusa la Via del Porto dalla rotonda con la Via Pirano alla Piazza Anton Ukmar.<\/p>\n<p>Foto: Jakob Bu\u017ean<\/p>\n","protected":false},"excerpt":{"rendered":"<p>Quest\u2019anno il Comune citt\u00e0 di Capodistria partecipa gi\u00e0 per la 23a volta alla campagna pi\u00f9 importante della mobilit\u00e0 sostenibile al mondo, la Settimana europea della mobilit\u00e0. Dal 16 al 22 settembre si svolgeranno diverse attivit\u00e0 dedicate a tutte le generazioni. La novit\u00e0 di quest\u2019anno sono le lezioni di guida di aggiornamento per gli anziani: si<\/p>\n","protected":false},"author":21,"featured_media":107178,"comment_status":"closed","ping_status":"closed","sticky":false,"template":"","format":"standard","meta":{"_acf_changed":false,"inline_featured_image":false,"footnotes":""},"categories":[282],"tags":[],"class_list":["post-107177","post","type-post","status-publish","format-standard","has-post-thumbnail","hentry","category-generale"],"acf":[],"_links":{"self":[{"href":"https:\/\/www.koper.si\/it\/wp-json\/wp\/v2\/posts\/107177","targetHints":{"allow":["GET"]}}],"collection":[{"href":"https:\/\/www.koper.si\/it\/wp-json\/wp\/v2\/posts"}],"about":[{"href":"https:\/\/www.koper.si\/it\/wp-json\/wp\/v2\/types\/post"}],"author":[{"embeddable":true,"href":"https:\/\/www.koper.si\/it\/wp-json\/wp\/v2\/users\/21"}],"replies":[{"embeddable":true,"href":"https:\/\/www.koper.si\/it\/wp-json\/wp\/v2\/comments?post=107177"}],"version-history":[{"count":1,"href":"https:\/\/www.koper.si\/it\/wp-json\/wp\/v2\/posts\/107177\/revisions"}],"predecessor-version":[{"id":107180,"href":"https:\/\/www.koper.si\/it\/wp-json\/wp\/v2\/posts\/107177\/revisions\/107180"}],"wp:featuredmedia":[{"embeddable":true,"href":"https:\/\/www.koper.si\/it\/wp-json\/wp\/v2\/media\/107178"}],"wp:attachment":[{"href":"https:\/\/www.koper.si\/it\/wp-json\/wp\/v2\/media?parent=107177"}],"wp:term":[{"taxonomy":"category","embeddable":true,"href":"https:\/\/www.koper.si\/it\/wp-json\/wp\/v2\/categories?post=107177"},{"taxonomy":"post_tag","embeddable":true,"href":"https:\/\/www.koper.si\/it\/wp-json\/wp\/v2\/tags?post=107177"}],"curies":[{"name":"wp","href":"https:\/\/api.w.org\/{rel}","templated":true}]}}