{"id":107778,"date":"2024-10-24T13:46:50","date_gmt":"2024-10-24T11:46:50","guid":{"rendered":"https:\/\/www.koper.si\/?p=107778"},"modified":"2024-10-24T13:46:50","modified_gmt":"2024-10-24T11:46:50","slug":"al-comune-citta-di-capodistria-il-titolo-di-comune-a-misura-dei-disabili","status":"publish","type":"post","link":"https:\/\/www.koper.si\/it\/al-comune-citta-di-capodistria-il-titolo-di-comune-a-misura-dei-disabili\/","title":{"rendered":"Al Comune citt\u00e0 di Capodistria il titolo di Comune a misura dei disabili"},"content":{"rendered":"<p><strong>Su proposta del suo consiglio progettuale, l\u2019Unione dei lavoratori disabili della Slovenia (Zveza delovnih invalidov Slovenije) ha approvato la delibera di conferimento del documento Comune a misura dei disabili per l\u2019anno 2024 al Comune citt\u00e0 di Capodistria. Il consiglio progettuale rileva che il Comune realizza e risponde agli interessi e alle necessit\u00e0 di tutti i disabili nel rispetto delle loro specificit\u00e0 e delle caratteristiche della comunit\u00e0 locale.<\/strong><\/p>\n<p>Nel mese di aprile di quest\u2019anno il Comune citt\u00e0 di Capodistria ha firmato l\u2019accordo sull\u2019inclusione nel progetto per l\u2019acquisizione del titolo Comune a misura dei disabili per l\u2019anno 2024. L\u2019Associazione disabili di Capodistria ha proposto all\u2019Unione disabili lavorativi della Slovenia il Comune citt\u00e0 di Capodistria per l\u2019acquisizione del titolo Comune a misura dei disabili per l\u2019anno 2024; ha motivato la proposta con l\u2019approccio positivo nell\u2019approvazione delle misure che influiscono sulla condizione dei disabili nel comune e la disponibilit\u00e0 del comune a soddisfare i criteri e le condizioni per l\u2019acquisizione del documento.<\/p>\n<p>Ai sensi dell\u2019Analisi della condizione dei disabili con il piano d\u2019azione per il miglioramento e la realizzazione delle pari possibilit\u00e0 dei disabili nel Comune citt\u00e0 di Capodistria per il periodo 2023-2027, il Consiglio per i disabili del CCC ha previsto per l\u2019anno corrente l\u2019attuazione di numerose misure concrete. Il Consiglio progettuale dell\u2019Unione dei lavoratori disabili della Slovenia ha esaminato la documentazione e ha svolto i colloqui; ha rilevato che il progetto per l\u2019acquisizione del titolo Comune a misura dei disabili ha stimolato la responsabilit\u00e0 e l\u2019unione delle attivit\u00e0 di tutti i responsabili nella comunit\u00e0 locale. Il progetto ha collegato tutti i fattori a livello locale rafforzando anche il ruolo del sindaco, del consiglio comunale e dell\u2019amministrazione comunale.<\/p>\n<p>Nel comune hanno inoltre creato le condizioni per la collaborazione dell\u2019intera comunit\u00e0 locale a sostegno delle attivit\u00e0 per la realizzazione delle pari opportunit\u00e0 dei disabili e dei cittadini, e hanno accolto il progetto come una possibilit\u00e0 per migliorare la qualit\u00e0 di vita di tutti i cittadini.<\/p>\n<p>Il titolo Comune a misura dei disabili \u00e8 un riconoscimento al comune che rispetta le necessit\u00e0 di tutti i cittadini, sviluppa e stimola l\u2019attivit\u00e0 dei fattori sociali e realizza attivit\u00e0 e provvedimenti che contribuiscono a migliorare la qualit\u00e0 di vita di tutti i disabili e delle loro famiglie, crea possibilit\u00e0 di inclusione sociale e partecipazione alla vita sociale del comune con l\u2019obiettivo di realizzare i diritti dell\u2019uomo e del cittadino.<\/p>\n<p>Foto: CCC<\/p>\n","protected":false},"excerpt":{"rendered":"<p>Su proposta del suo consiglio progettuale, l\u2019Unione dei lavoratori disabili della Slovenia (Zveza delovnih invalidov Slovenije) ha approvato la delibera di conferimento del documento Comune a misura dei disabili per l\u2019anno 2024 al Comune citt\u00e0 di Capodistria. Il consiglio progettuale rileva che il Comune realizza e risponde agli interessi e alle necessit\u00e0 di tutti i<\/p>\n","protected":false},"author":17,"featured_media":107767,"comment_status":"closed","ping_status":"closed","sticky":false,"template":"","format":"standard","meta":{"_acf_changed":false,"inline_featured_image":false,"footnotes":""},"categories":[282],"tags":[],"class_list":["post-107778","post","type-post","status-publish","format-standard","has-post-thumbnail","hentry","category-generale"],"acf":[],"_links":{"self":[{"href":"https:\/\/www.koper.si\/it\/wp-json\/wp\/v2\/posts\/107778","targetHints":{"allow":["GET"]}}],"collection":[{"href":"https:\/\/www.koper.si\/it\/wp-json\/wp\/v2\/posts"}],"about":[{"href":"https:\/\/www.koper.si\/it\/wp-json\/wp\/v2\/types\/post"}],"author":[{"embeddable":true,"href":"https:\/\/www.koper.si\/it\/wp-json\/wp\/v2\/users\/17"}],"replies":[{"embeddable":true,"href":"https:\/\/www.koper.si\/it\/wp-json\/wp\/v2\/comments?post=107778"}],"version-history":[{"count":1,"href":"https:\/\/www.koper.si\/it\/wp-json\/wp\/v2\/posts\/107778\/revisions"}],"predecessor-version":[{"id":107784,"href":"https:\/\/www.koper.si\/it\/wp-json\/wp\/v2\/posts\/107778\/revisions\/107784"}],"wp:featuredmedia":[{"embeddable":true,"href":"https:\/\/www.koper.si\/it\/wp-json\/wp\/v2\/media\/107767"}],"wp:attachment":[{"href":"https:\/\/www.koper.si\/it\/wp-json\/wp\/v2\/media?parent=107778"}],"wp:term":[{"taxonomy":"category","embeddable":true,"href":"https:\/\/www.koper.si\/it\/wp-json\/wp\/v2\/categories?post=107778"},{"taxonomy":"post_tag","embeddable":true,"href":"https:\/\/www.koper.si\/it\/wp-json\/wp\/v2\/tags?post=107778"}],"curies":[{"name":"wp","href":"https:\/\/api.w.org\/{rel}","templated":true}]}}