{"id":107819,"date":"2024-10-29T08:43:35","date_gmt":"2024-10-29T07:43:35","guid":{"rendered":"https:\/\/www.koper.si\/?p=107819"},"modified":"2024-10-29T08:43:35","modified_gmt":"2024-10-29T07:43:35","slug":"seconda-asta-pubblica-di-immobili-del-mese-di-novembre","status":"publish","type":"post","link":"https:\/\/www.koper.si\/it\/seconda-asta-pubblica-di-immobili-del-mese-di-novembre\/","title":{"rendered":"Seconda asta pubblica di immobili del mese di novembre"},"content":{"rendered":"<p><strong>Il Comune citt\u00e0 di Capodistria ha pubblicato una nuova asta pubblica con 15 immobili. L\u2019asta pubblica si terr\u00e0 gioved\u00ec, 14 novembre, alle ore 10 nella sala riunioni al pianterreno del Comune citt\u00e0 di Capodistria in Via Giuseppe Verdi n. 10.<\/strong><\/p>\n<p>Il Comune mette all\u2019asta anche un complesso immobiliare di 894 metri quadrati a Spodnje \u0160kofije. I terreni edificabili, su cui insiste anche uno stabile agricolo ausiliare, si vendono al prezzo di base di 200.345 euro.<\/p>\n<p>A Crevatini si vende il terreno edificabile non edificato con l\u2019oliveto, di 737 metri quadrati al prezzo di base di 105.722 euro. Secondo gli atti territoriali comunali, il terreno si trova nell\u2019area destinata al popolamento.<\/p>\n<p>A Bertocchi in Strada dell\u2019Istria si vende la soffitta dell\u2019edificio commerciale-abitativo. Il prezzo di base per il locale di 54,55 metri quadrati \u00e8 82.460 euro.<\/p>\n<p>L\u2019intera lista di immobili dell\u2019asta di giugno, con i dati relativi alle dimensioni, ai prezzi e alle caratteristiche, \u00e8 reperibile sul <a href=\"https:\/\/www.koper.si\/public_tender\/javna-drazba-nepremicnin-v-lasti-mestne-obcine-koper-ki-se-bo-vrsila-v-cetrtek-14-11-2024-ob-10-00\/\">collegamento web<\/a>. Il prezzo non include l\u2019imposta sul valore aggiunto ovv. l\u2019imposta sul traffico di immobili del 2%. Gli interessati sono tenuti a pagare la cauzione entro e non oltre luned\u00ec, 11 novembre.<\/p>\n<p>Nel mese di novembre il Comune citt\u00e0 di Capodistria organizzer\u00e0 un\u2019altra <a href=\"https:\/\/www.koper.si\/public_tender\/javna-drazba-za-prodajo-nepremicnin-v-lasti-mestne-obcine-koper-ki-se-bo-vrsila-v-cetrtek-7-11-2024-ob-10-00\/\">asta pubblica<\/a>, e cio\u00e8 gioved\u00ec 7 novembre.<\/p>\n<p>Foto: CCC<\/p>\n","protected":false},"excerpt":{"rendered":"<p>Il Comune citt\u00e0 di Capodistria ha pubblicato una nuova asta pubblica con 15 immobili. L\u2019asta pubblica si terr\u00e0 gioved\u00ec, 14 novembre, alle ore 10 nella sala riunioni al pianterreno del Comune citt\u00e0 di Capodistria in Via Giuseppe Verdi n. 10. Il Comune mette all\u2019asta anche un complesso immobiliare di 894 metri quadrati a Spodnje \u0160kofije.<\/p>\n","protected":false},"author":21,"featured_media":107820,"comment_status":"closed","ping_status":"closed","sticky":false,"template":"","format":"standard","meta":{"_acf_changed":false,"inline_featured_image":false,"footnotes":""},"categories":[282],"tags":[],"class_list":["post-107819","post","type-post","status-publish","format-standard","has-post-thumbnail","hentry","category-generale"],"acf":[],"_links":{"self":[{"href":"https:\/\/www.koper.si\/it\/wp-json\/wp\/v2\/posts\/107819","targetHints":{"allow":["GET"]}}],"collection":[{"href":"https:\/\/www.koper.si\/it\/wp-json\/wp\/v2\/posts"}],"about":[{"href":"https:\/\/www.koper.si\/it\/wp-json\/wp\/v2\/types\/post"}],"author":[{"embeddable":true,"href":"https:\/\/www.koper.si\/it\/wp-json\/wp\/v2\/users\/21"}],"replies":[{"embeddable":true,"href":"https:\/\/www.koper.si\/it\/wp-json\/wp\/v2\/comments?post=107819"}],"version-history":[{"count":2,"href":"https:\/\/www.koper.si\/it\/wp-json\/wp\/v2\/posts\/107819\/revisions"}],"predecessor-version":[{"id":107823,"href":"https:\/\/www.koper.si\/it\/wp-json\/wp\/v2\/posts\/107819\/revisions\/107823"}],"wp:featuredmedia":[{"embeddable":true,"href":"https:\/\/www.koper.si\/it\/wp-json\/wp\/v2\/media\/107820"}],"wp:attachment":[{"href":"https:\/\/www.koper.si\/it\/wp-json\/wp\/v2\/media?parent=107819"}],"wp:term":[{"taxonomy":"category","embeddable":true,"href":"https:\/\/www.koper.si\/it\/wp-json\/wp\/v2\/categories?post=107819"},{"taxonomy":"post_tag","embeddable":true,"href":"https:\/\/www.koper.si\/it\/wp-json\/wp\/v2\/tags?post=107819"}],"curies":[{"name":"wp","href":"https:\/\/api.w.org\/{rel}","templated":true}]}}