{"id":107829,"date":"2024-10-29T09:50:16","date_gmt":"2024-10-29T08:50:16","guid":{"rendered":"https:\/\/www.koper.si\/?p=107829"},"modified":"2024-10-29T09:50:16","modified_gmt":"2024-10-29T08:50:16","slug":"chiusura-totale-della-strada-pubblica-hliban-guci","status":"publish","type":"post","link":"https:\/\/www.koper.si\/it\/chiusura-totale-della-strada-pubblica-hliban-guci\/","title":{"rendered":"Chiusura totale della strada pubblica Hliban-Guci"},"content":{"rendered":"<p><strong>Il Comune citt\u00e0 di Capodistria ha avviato la ricostruzione della strada pubblica Hliban-Guci. Presumibilmente da marted\u00ec, 5 novembre, rimarr\u00e0 completamente chiuso il primo tratto della strada dall\u2019indirizzo Vanganel 59\/b all\u2019incrocio presso l\u2019indirizzo Vanganel 55. Durante il periodo di chiusura totale l\u2019accesso agli abitati di Guci e Padovani sar\u00e0 tramite l\u2019abitato di \u010centur. <\/strong><\/p>\n<p>Nell\u2019ambito dell\u2019investimento il comune rinnover\u00e0 il tratto di 528 metri della strada pubblica Hliban-Guci, e cio\u00e8 dall\u2019incrocio con la strada Salara-Vanganel all\u2019incrocio presso l\u2019edificio all\u2019indirizzo Vanganel 55. L\u2019esecutore dei lavori, l\u2019azienda Finali d.o.o. (S.r.l.) ricostruir\u00e0 la carreggiata, costruir\u00e0 il sistema di smaltimento delle acque meteoriche e sistemer\u00e0 il drenaggio. Nell\u2019ambito dell\u2019investimento verr\u00e0 sistemata anche l\u2019illuminazione pubblica, nella parte inferiore della strada invece si prevede il marciapiede.\u00a0 L\u2019investimento ammonta a 777.000 euro, IVA esclusa.<\/p>\n<p>I lavori alla strada pubblica Hliban-Guci dureranno presumibilmente fino alla fine del mese di aprile 2025, ci saranno chiusure temporali della strada. Il Comune citt\u00e0 di Capodistria prega tutti gli utenti del traffico di rispettare la segnaletica stradale e ringrazia per la comprensione.<\/p>\n<p>Foto: Google maps<\/p>\n","protected":false},"excerpt":{"rendered":"<p>Il Comune citt\u00e0 di Capodistria ha avviato la ricostruzione della strada pubblica Hliban-Guci. Presumibilmente da marted\u00ec, 5 novembre, rimarr\u00e0 completamente chiuso il primo tratto della strada dall\u2019indirizzo Vanganel 59\/b all\u2019incrocio presso l\u2019indirizzo Vanganel 55. Durante il periodo di chiusura totale l\u2019accesso agli abitati di Guci e Padovani sar\u00e0 tramite l\u2019abitato di \u010centur. Nell\u2019ambito dell\u2019investimento il<\/p>\n","protected":false},"author":21,"featured_media":107826,"comment_status":"closed","ping_status":"closed","sticky":false,"template":"","format":"standard","meta":{"_acf_changed":false,"inline_featured_image":false,"footnotes":""},"categories":[282],"tags":[],"class_list":["post-107829","post","type-post","status-publish","format-standard","has-post-thumbnail","hentry","category-generale"],"acf":[],"_links":{"self":[{"href":"https:\/\/www.koper.si\/it\/wp-json\/wp\/v2\/posts\/107829","targetHints":{"allow":["GET"]}}],"collection":[{"href":"https:\/\/www.koper.si\/it\/wp-json\/wp\/v2\/posts"}],"about":[{"href":"https:\/\/www.koper.si\/it\/wp-json\/wp\/v2\/types\/post"}],"author":[{"embeddable":true,"href":"https:\/\/www.koper.si\/it\/wp-json\/wp\/v2\/users\/21"}],"replies":[{"embeddable":true,"href":"https:\/\/www.koper.si\/it\/wp-json\/wp\/v2\/comments?post=107829"}],"version-history":[{"count":2,"href":"https:\/\/www.koper.si\/it\/wp-json\/wp\/v2\/posts\/107829\/revisions"}],"predecessor-version":[{"id":107831,"href":"https:\/\/www.koper.si\/it\/wp-json\/wp\/v2\/posts\/107829\/revisions\/107831"}],"wp:featuredmedia":[{"embeddable":true,"href":"https:\/\/www.koper.si\/it\/wp-json\/wp\/v2\/media\/107826"}],"wp:attachment":[{"href":"https:\/\/www.koper.si\/it\/wp-json\/wp\/v2\/media?parent=107829"}],"wp:term":[{"taxonomy":"category","embeddable":true,"href":"https:\/\/www.koper.si\/it\/wp-json\/wp\/v2\/categories?post=107829"},{"taxonomy":"post_tag","embeddable":true,"href":"https:\/\/www.koper.si\/it\/wp-json\/wp\/v2\/tags?post=107829"}],"curies":[{"name":"wp","href":"https:\/\/api.w.org\/{rel}","templated":true}]}}