{"id":109248,"date":"2025-01-31T12:18:01","date_gmt":"2025-01-31T11:18:01","guid":{"rendered":"https:\/\/www.koper.si\/?p=109248"},"modified":"2025-01-31T12:18:01","modified_gmt":"2025-01-31T11:18:01","slug":"aperto-il-bando-per-i-piu-importanti-riconoscimenti-comunali","status":"publish","type":"post","link":"https:\/\/www.koper.si\/it\/aperto-il-bando-per-i-piu-importanti-riconoscimenti-comunali\/","title":{"rendered":"Aperto il bando per i pi\u00f9 importanti riconoscimenti comunali"},"content":{"rendered":"<p><strong>Oggi il Comune citt\u00e0 di Capodistria ha pubblicato il bando di concorso pubblico per il conferimento dei riconoscimenti del Comune citt\u00e0 di Capodistria per l\u2019anno 2025. Il termine per la presentazione delle proposte \u00e8 il 3 marzo.<\/strong><\/p>\n<p>Ogni anno il Consiglio comunale del Comune citt\u00e0 di Capodistria conferisce i riconoscimenti alle cittadine e ai cittadini per il loro contributo alla comunit\u00e0. Il Consiglio del Comune citt\u00e0 di Capodistria conferisce il Riconoscimento 15 maggio alle cittadine e ai cittadini per i loro meriti nel campo sociale, politico, economico, culturale, scientifico, artistico e in altri campi, il Riconoscimento con targa grande invece ai cittadini\/cittadine od alle organizzazioni sociali per i successi conseguiti in periodi pi\u00f9 brevi, ed il cui operato contribuisce in modo rilevante all\u2019affermazione ed allo sviluppo del comune.<\/p>\n<p>I cittadini, le aziende, le organizzazioni o le comunit\u00e0 possono presentare le proprie proposte che devono contenere i dati relativi al proponente e al candidato, l\u2019indicazione del tipo di riconoscimento e la motivazione con gli eventuali pareri degli organi e delle organizzazioni che supportano la proposta.<\/p>\n<p>Il termine per la presentazione delle proposte \u00e8 il 3 marzo. Ulteriori informazioni in merito al concorso sono reperibili sulla pagina web ufficiale del Comune citt\u00e0 di Capodistria <a href=\"https:\/\/www.koper.si\/public_tender\/javni-razpis-za-podelitev-priznanj-mestne-obcine-koper-priznanje-15-maj-in-priznanje-z-veliko-plaketo-za-leto-2025\/\">collegamento web<\/a>.<\/p>\n<p>Foto: CCC<\/p>\n","protected":false},"excerpt":{"rendered":"<p>Oggi il Comune citt\u00e0 di Capodistria ha pubblicato il bando di concorso pubblico per il conferimento dei riconoscimenti del Comune citt\u00e0 di Capodistria per l\u2019anno 2025. Il termine per la presentazione delle proposte \u00e8 il 3 marzo. Ogni anno il Consiglio comunale del Comune citt\u00e0 di Capodistria conferisce i riconoscimenti alle cittadine e ai cittadini<\/p>\n","protected":false},"author":21,"featured_media":83551,"comment_status":"closed","ping_status":"closed","sticky":false,"template":"","format":"standard","meta":{"_acf_changed":false,"inline_featured_image":false,"footnotes":""},"categories":[282],"tags":[],"class_list":["post-109248","post","type-post","status-publish","format-standard","has-post-thumbnail","hentry","category-generale"],"acf":[],"_links":{"self":[{"href":"https:\/\/www.koper.si\/it\/wp-json\/wp\/v2\/posts\/109248","targetHints":{"allow":["GET"]}}],"collection":[{"href":"https:\/\/www.koper.si\/it\/wp-json\/wp\/v2\/posts"}],"about":[{"href":"https:\/\/www.koper.si\/it\/wp-json\/wp\/v2\/types\/post"}],"author":[{"embeddable":true,"href":"https:\/\/www.koper.si\/it\/wp-json\/wp\/v2\/users\/21"}],"replies":[{"embeddable":true,"href":"https:\/\/www.koper.si\/it\/wp-json\/wp\/v2\/comments?post=109248"}],"version-history":[{"count":2,"href":"https:\/\/www.koper.si\/it\/wp-json\/wp\/v2\/posts\/109248\/revisions"}],"predecessor-version":[{"id":109250,"href":"https:\/\/www.koper.si\/it\/wp-json\/wp\/v2\/posts\/109248\/revisions\/109250"}],"wp:featuredmedia":[{"embeddable":true,"href":"https:\/\/www.koper.si\/it\/wp-json\/wp\/v2\/media\/83551"}],"wp:attachment":[{"href":"https:\/\/www.koper.si\/it\/wp-json\/wp\/v2\/media?parent=109248"}],"wp:term":[{"taxonomy":"category","embeddable":true,"href":"https:\/\/www.koper.si\/it\/wp-json\/wp\/v2\/categories?post=109248"},{"taxonomy":"post_tag","embeddable":true,"href":"https:\/\/www.koper.si\/it\/wp-json\/wp\/v2\/tags?post=109248"}],"curies":[{"name":"wp","href":"https:\/\/api.w.org\/{rel}","templated":true}]}}