{"id":109499,"date":"2025-02-26T13:03:31","date_gmt":"2025-02-26T12:03:31","guid":{"rendered":"https:\/\/www.koper.si\/?p=109499"},"modified":"2025-02-26T16:53:14","modified_gmt":"2025-02-26T15:53:14","slug":"a-franjo-francic-il-premio-intitolato-ad-alojz-kocjancic","status":"publish","type":"post","link":"https:\/\/www.koper.si\/it\/a-franjo-francic-il-premio-intitolato-ad-alojz-kocjancic\/","title":{"rendered":"A Franjo Fran\u010di\u010d il premio intitolato ad Alojz Kocjan\u010di\u010d"},"content":{"rendered":"<p><strong>Il riconoscimento e del premio intitolato ad Alojz Kocjan\u010di\u010d per meriti particolari nella creazione, nella ricerca e nella conservazione dell&#8217;identit\u00e0 culturale istriana e della sua riconoscibilit\u00e0 nel territorio pi\u00f9 ampio per l\u2019anno 2024 va al poeta e scrittore Franjo Fran\u010di\u010d. Il conferimento solenne si terr\u00e0 quest\u2019anno nel Comune citt\u00e0 di Capodistria.<\/strong><\/p>\n<p>Nel mese di novembre i comuni dell\u2019Istria slovena hanno pubblicato il Bando di concorso per il conferimento del premio intitolato ad Alojz Kocjan\u010di\u010d per l\u2019anno 2024. A seguito dell\u2019esame di tutte le richieste pervenute, la commissione di cinque membri, composta dai rinomati artisti e professionisti del settore culturale e umanistico Edelman Jurin\u010di\u010d, Ines Cergol, Roberta Vincoletto, Neva Zajc e Natalija Planinc, hanno deciso all\u2019unanimit\u00e0 di conferire il premio a Franjo Fran\u010di\u010d.<\/p>\n<p>Franjo Fran\u010di\u010d \u00e8 nato nel 1958 a Ljubljana, dove ha anche intrapreso la sua carriera di scrittore, ma ha creato gran parte del suo opus letterario in Istria, dove vive dal 1987 come lavoratore autonomo nella cultura. Ha vissuto per vent\u2019anni a Pirano e da quasi altrettanti vive a Padna. Fran\u010di\u010d \u00e8 un poeta e uno scrittore, autore di 86 libri di prosa, poesia e dramma, 16 libri per bambini e 32 radiodrammi, cinque opere teatrali, 49 libri sono stati tradotti in dieci lingue straniere. Ha ricevuto 70 riconoscimenti e premi ai concorsi letterari, soprattutto all&#8217;estero. Nel 2017 ha ricevuto il Riconoscimento Giuseppe Tartini, conferito dal Comune di Pirano per i risultati artistici.<\/p>\n<p>Fran\u010di\u010d \u00e8 uno dei migliori autori critici della sua generazione. Le sue opere sono confessioni personali. Discute senza mezzi termini le tematiche sociali e i tab\u00f9 e presenta le persone marginali. Gli elementi romaneschi sono intrecciati ad elementi autobiografici, lo stile veristico \u00e8 intrecciato a quello lirico, la sua narrazione si compone di vita reale e sogni e desideri.<\/p>\n<p>Il conferimento solenne si terr\u00e0 quest\u2019anno nel Comune citt\u00e0 di Capodistria.<\/p>\n<p>Foto: Andra\u017e Gomba\u010d<\/p>\n","protected":false},"excerpt":{"rendered":"<p>Il riconoscimento e del premio intitolato ad Alojz Kocjan\u010di\u010d per meriti particolari nella creazione, nella ricerca e nella conservazione dell&#8217;identit\u00e0 culturale istriana e della sua riconoscibilit\u00e0 nel territorio pi\u00f9 ampio per l\u2019anno 2024 va al poeta e scrittore Franjo Fran\u010di\u010d. Il conferimento solenne si terr\u00e0 quest\u2019anno nel Comune citt\u00e0 di Capodistria. Nel mese di novembre<\/p>\n","protected":false},"author":17,"featured_media":109503,"comment_status":"closed","ping_status":"closed","sticky":false,"template":"","format":"standard","meta":{"_acf_changed":false,"inline_featured_image":false,"footnotes":""},"categories":[282],"tags":[],"class_list":["post-109499","post","type-post","status-publish","format-standard","has-post-thumbnail","hentry","category-generale"],"acf":[],"_links":{"self":[{"href":"https:\/\/www.koper.si\/it\/wp-json\/wp\/v2\/posts\/109499","targetHints":{"allow":["GET"]}}],"collection":[{"href":"https:\/\/www.koper.si\/it\/wp-json\/wp\/v2\/posts"}],"about":[{"href":"https:\/\/www.koper.si\/it\/wp-json\/wp\/v2\/types\/post"}],"author":[{"embeddable":true,"href":"https:\/\/www.koper.si\/it\/wp-json\/wp\/v2\/users\/17"}],"replies":[{"embeddable":true,"href":"https:\/\/www.koper.si\/it\/wp-json\/wp\/v2\/comments?post=109499"}],"version-history":[{"count":4,"href":"https:\/\/www.koper.si\/it\/wp-json\/wp\/v2\/posts\/109499\/revisions"}],"predecessor-version":[{"id":109507,"href":"https:\/\/www.koper.si\/it\/wp-json\/wp\/v2\/posts\/109499\/revisions\/109507"}],"wp:featuredmedia":[{"embeddable":true,"href":"https:\/\/www.koper.si\/it\/wp-json\/wp\/v2\/media\/109503"}],"wp:attachment":[{"href":"https:\/\/www.koper.si\/it\/wp-json\/wp\/v2\/media?parent=109499"}],"wp:term":[{"taxonomy":"category","embeddable":true,"href":"https:\/\/www.koper.si\/it\/wp-json\/wp\/v2\/categories?post=109499"},{"taxonomy":"post_tag","embeddable":true,"href":"https:\/\/www.koper.si\/it\/wp-json\/wp\/v2\/tags?post=109499"}],"curies":[{"name":"wp","href":"https:\/\/api.w.org\/{rel}","templated":true}]}}