{"id":110032,"date":"2025-04-04T12:12:29","date_gmt":"2025-04-04T10:12:29","guid":{"rendered":"https:\/\/www.koper.si\/?p=110032"},"modified":"2025-04-04T12:12:29","modified_gmt":"2025-04-04T10:12:29","slug":"nuova-sezione-con-programma-per-bambini-con-i-bisogni-educativi-speciali-presso-il-giardino-dinfanzia-vrtec-koper","status":"publish","type":"post","link":"https:\/\/www.koper.si\/it\/nuova-sezione-con-programma-per-bambini-con-i-bisogni-educativi-speciali-presso-il-giardino-dinfanzia-vrtec-koper\/","title":{"rendered":"Nuova sezione con programma per bambini con i bisogni educativi speciali presso il giardino d\u2019infanzia Vrtec Koper"},"content":{"rendered":"<p><strong>Il Comune citt\u00e0 di Capodistria ha aumentato l\u2019accessibilit\u00e0 al programma di educazione prescolare per bambini con i bisogni educativi speciali. Nel mese di aprile ha inaugurato presso il giardino d\u2019infanzia Vrtec Koper la seconda sezione del programma BES. <\/strong><\/p>\n<p>La nuova sezione del programma BES (bisogni educativi speciali) \u00e8 il risultato della collaborazione del Comune citt\u00e0 di Capodistria, del giardino d\u2019infanzia Vrtec Koper e dell\u2019Ambulatorio per lo sviluppo infantile con diagnosi precoce della Casa di sanit\u00e0 di Capodistria. \u00abLa nuova sezione rende possibile l\u2019inclusione dei bambini con bisogni speciali e rappresenta l\u2019accettazione, la collaborazione e lo studio reciproco\u00bb, sottolineano al giardino d\u2019infanzia.<\/p>\n<p>Nelle sezioni del programma BES le educatrici possono dedicarsi alle necessit\u00e0 individuali del bambino nel rispetto dei suoi bisogni di sviluppo. Insieme scoprono i settori e le attivit\u00e0 che il bambino riesce a seguire e svolgere e nelle quali riuscir\u00e0 a progredire in modo ottimale.<\/p>\n<p>Si tratta della seconda sezione del programma BES presso l\u2019unit\u00e0 Ribica. La prima sezione \u00e8 stata inaugurata dal Comune all\u2019inizio dell\u2019anno scolastico 2022\/2023.<\/p>\n<p>Foto: CCC<\/p>\n","protected":false},"excerpt":{"rendered":"<p>Il Comune citt\u00e0 di Capodistria ha aumentato l\u2019accessibilit\u00e0 al programma di educazione prescolare per bambini con i bisogni educativi speciali. Nel mese di aprile ha inaugurato presso il giardino d\u2019infanzia Vrtec Koper la seconda sezione del programma BES. La nuova sezione del programma BES (bisogni educativi speciali) \u00e8 il risultato della collaborazione del Comune citt\u00e0<\/p>\n","protected":false},"author":21,"featured_media":110020,"comment_status":"closed","ping_status":"closed","sticky":false,"template":"","format":"standard","meta":{"_acf_changed":false,"inline_featured_image":false,"footnotes":""},"categories":[282],"tags":[],"class_list":["post-110032","post","type-post","status-publish","format-standard","has-post-thumbnail","hentry","category-generale"],"acf":[],"_links":{"self":[{"href":"https:\/\/www.koper.si\/it\/wp-json\/wp\/v2\/posts\/110032","targetHints":{"allow":["GET"]}}],"collection":[{"href":"https:\/\/www.koper.si\/it\/wp-json\/wp\/v2\/posts"}],"about":[{"href":"https:\/\/www.koper.si\/it\/wp-json\/wp\/v2\/types\/post"}],"author":[{"embeddable":true,"href":"https:\/\/www.koper.si\/it\/wp-json\/wp\/v2\/users\/21"}],"replies":[{"embeddable":true,"href":"https:\/\/www.koper.si\/it\/wp-json\/wp\/v2\/comments?post=110032"}],"version-history":[{"count":2,"href":"https:\/\/www.koper.si\/it\/wp-json\/wp\/v2\/posts\/110032\/revisions"}],"predecessor-version":[{"id":110034,"href":"https:\/\/www.koper.si\/it\/wp-json\/wp\/v2\/posts\/110032\/revisions\/110034"}],"wp:featuredmedia":[{"embeddable":true,"href":"https:\/\/www.koper.si\/it\/wp-json\/wp\/v2\/media\/110020"}],"wp:attachment":[{"href":"https:\/\/www.koper.si\/it\/wp-json\/wp\/v2\/media?parent=110032"}],"wp:term":[{"taxonomy":"category","embeddable":true,"href":"https:\/\/www.koper.si\/it\/wp-json\/wp\/v2\/categories?post=110032"},{"taxonomy":"post_tag","embeddable":true,"href":"https:\/\/www.koper.si\/it\/wp-json\/wp\/v2\/tags?post=110032"}],"curies":[{"name":"wp","href":"https:\/\/api.w.org\/{rel}","templated":true}]}}