{"id":110533,"date":"2025-05-20T08:56:03","date_gmt":"2025-05-20T06:56:03","guid":{"rendered":"https:\/\/www.koper.si\/?p=110533"},"modified":"2025-05-20T08:56:03","modified_gmt":"2025-05-20T06:56:03","slug":"alla-seduta-solenne-il-sindaco-ha-conferito-i-riconoscimenti-comunali-piu-importanti","status":"publish","type":"post","link":"https:\/\/www.koper.si\/it\/alla-seduta-solenne-il-sindaco-ha-conferito-i-riconoscimenti-comunali-piu-importanti\/","title":{"rendered":"Alla seduta solenne il Sindaco ha conferito i riconoscimenti comunali pi\u00f9 importanti"},"content":{"rendered":"<p><strong>In questi giorni il Comune citt\u00e0 di Capodistria festeggia la festa comunale. Gioved\u00ec il vicesindaco Mario Steff\u00e8 e i consiglieri comunali Mirjam Lemut e Mojca Ka\u010dinari hanno depositato le corone a Marezige presso il monumento alle vittime di una delle prime rivolte antifasciste in Europa, oggi invece si \u00e8 tenuta nella Sala cerimoniale San Francesco d\u2019Assisi la seduta solenne del Consiglio comunale del Comune citt\u00e0 di Capodistria, in seno alla quale il Sindaco Ale\u0161 Br\u017ean ha conferito i riconoscimenti comunali pi\u00f9 importanti. <\/strong><\/p>\n<p>Il Comune citt\u00e0 di Capodistria celebra la festa comunale in memoria della Rivolta di Marezige. \u00abRicordiamo il momento in cui proprio a Marezige c\u2019\u00e8 stata la prima rivolta di massa contro il fascismo. Il 15 maggio 1921 non \u00e8 solamente una data, ma una giornata di ricordo. \u00c8 un simbolo. \u00c8 l\u2019espressione di orgoglio, coraggio e ribellione che vive a Capodistria ancor oggi. \u00c8 la celebrazione di chi siamo. Con la loro determinazione e il cuore caldo, gli istriani sono fedeli alla propria citt\u00e0, alla propria comunit\u00e0 e alle proprie radici,\u00bb ha iniziato il proprio discorso il Sindaco del Comune citt\u00e0 di Capodistria Ale\u0161 Br\u017ean.<\/p>\n<p>Nel suo discorso Br\u017ean ha sottolineato che a Capodistria non ci sono ostacoli per esprimere i propri punti di vista, ognuno ha il diritto a partecipare alle decisioni e non c\u2019\u00e8 posto per i conflitti.\u00a0 Ha ricordato tutti i risultati della comunit\u00e0 locale dell\u2019ultimo anno &#8211; dagli appartamenti a canone agevolato al rinnovo di ben dieci tratti di strade nell\u2019entroterra, nuovi posti di parcheggio e lo storico passo nel settore dell\u2019approvvigionamento sicuro di acqua potabile. \u00abPer tutti questi motivi sono sicuro che negli anni a venire porteremo a termine anche il pi\u00f9 importante investimento nella storia del comune &#8211; la costruzione di un nuovo centro sanitario che offrir\u00e0 un\u2019assistenza sanitaria decente e accessibile anche in condizioni straordinarie\u00bb, ha concluso il sindaco.<\/p>\n<p>Il vicesindaco Mario Steff\u00e8 ha ricordato che la comunit\u00e0 nazionale italiana ha contribuito alla creazione degli elementi chiave dell\u2019identit\u00e0 nazionalmente mista e dello spirito europeo di Capodistria. \u00abLa realt\u00e0 nazionalmente mista dei nostri territori, con la sua complessit\u00e0 e le sue caratteristiche, dovrebbe essere un valore da curare e proteggere, non un problema da risolvere. La convivenza pacifica \u00e8 sempre il risultato del rispetto che va oltre le disposizioni formali\u00bb, ha sottolineato.<\/p>\n<p>Come dettato dalla tradizione, il sindaco ha conferito i riconoscimenti comunali pi\u00f9 importanti. Il Riconoscimento 15 maggio \u00e8 stato conferito ad Aldo Zubin per il prezioso lavoro pluriennale e il contributo allo sviluppo, alla conservazione e alla promozione dell\u2019escursionismo, del ciclismo e dell\u2019alpinismo nell\u2019Istria slovena, per la promozione, l\u2019educazione e il lavoro con i giovani, nonch\u00e9 per la cura notevole e il rapporto con l\u2019ambiente.<\/p>\n<p>Quest\u2019anno i premiati con il Riconoscimento con targa grande sono tre. Rado Gregori\u010d ha ricevuto il Riconoscimento con targa grande per l\u2019attivit\u00e0 pluriennale nel settore dello sport, per il lavoro come allenatore e l\u2019eccellente organizzazione di numerosi eventi e gare sportive, per il lavoro esemplare e l\u2019approccio con i giovani e la loro educazione nello sport, il Judo club di Capodistria per l\u2019attivit\u00e0 pluriennale di successo e la promozione del judo, per l\u2019attivit\u00e0 innovativa nel judo inclusivo e il contributo eccellente e duraturo nella creazione di una societ\u00e0 inclusiva\u00a0 e l\u2019Associazione Vinol per l\u2019attivit\u00e0 pluriennale di successo e l\u2019importante contributo alla conservazione e allo sviluppo della viticoltura, dell\u2019olivicoltura e della visibilit\u00e0 del patrimonio culturale dell\u2019Istria slovena.<\/p>\n<p>Alla seduta solenne, condotta dall\u2019attrice Lara Komar, si sono esibiti il trio d\u2019archi Laurilyn e il Gruppo vocale-strumentale dell\u2019Associazione interculturali non vedenti e ipovedenti di Capodistria.<\/p>\n<p>Il comune concluder\u00e0 i festeggiamenti mercoled\u00ec, 21 maggio, con la tradizionale manifestazione Capodistria festeggia con i bambini in piazza. Circa 600 bambini di et\u00e0 prescolare di tutti i giardini d\u2019infanzia pubblici del Comune citt\u00e0 di Capodistria si presenteranno nel Teatro di Capodistria con lo spettacolo Pierino e il lupo.<\/p>\n<p>Foto: Jakob Bu\u017ean<\/p>\n","protected":false},"excerpt":{"rendered":"<p>In questi giorni il Comune citt\u00e0 di Capodistria festeggia la festa comunale. Gioved\u00ec il vicesindaco Mario Steff\u00e8 e i consiglieri comunali Mirjam Lemut e Mojca Ka\u010dinari hanno depositato le corone a Marezige presso il monumento alle vittime di una delle prime rivolte antifasciste in Europa, oggi invece si \u00e8 tenuta nella Sala cerimoniale San Francesco<\/p>\n","protected":false},"author":21,"featured_media":110526,"comment_status":"closed","ping_status":"closed","sticky":false,"template":"","format":"standard","meta":{"_acf_changed":false,"inline_featured_image":false,"footnotes":""},"categories":[282],"tags":[],"class_list":["post-110533","post","type-post","status-publish","format-standard","has-post-thumbnail","hentry","category-generale"],"acf":[],"_links":{"self":[{"href":"https:\/\/www.koper.si\/it\/wp-json\/wp\/v2\/posts\/110533","targetHints":{"allow":["GET"]}}],"collection":[{"href":"https:\/\/www.koper.si\/it\/wp-json\/wp\/v2\/posts"}],"about":[{"href":"https:\/\/www.koper.si\/it\/wp-json\/wp\/v2\/types\/post"}],"author":[{"embeddable":true,"href":"https:\/\/www.koper.si\/it\/wp-json\/wp\/v2\/users\/21"}],"replies":[{"embeddable":true,"href":"https:\/\/www.koper.si\/it\/wp-json\/wp\/v2\/comments?post=110533"}],"version-history":[{"count":2,"href":"https:\/\/www.koper.si\/it\/wp-json\/wp\/v2\/posts\/110533\/revisions"}],"predecessor-version":[{"id":110535,"href":"https:\/\/www.koper.si\/it\/wp-json\/wp\/v2\/posts\/110533\/revisions\/110535"}],"wp:featuredmedia":[{"embeddable":true,"href":"https:\/\/www.koper.si\/it\/wp-json\/wp\/v2\/media\/110526"}],"wp:attachment":[{"href":"https:\/\/www.koper.si\/it\/wp-json\/wp\/v2\/media?parent=110533"}],"wp:term":[{"taxonomy":"category","embeddable":true,"href":"https:\/\/www.koper.si\/it\/wp-json\/wp\/v2\/categories?post=110533"},{"taxonomy":"post_tag","embeddable":true,"href":"https:\/\/www.koper.si\/it\/wp-json\/wp\/v2\/tags?post=110533"}],"curies":[{"name":"wp","href":"https:\/\/api.w.org\/{rel}","templated":true}]}}