{"id":111429,"date":"2025-09-04T08:14:59","date_gmt":"2025-09-04T06:14:59","guid":{"rendered":"https:\/\/www.koper.si\/?p=111429"},"modified":"2025-09-05T10:26:34","modified_gmt":"2025-09-05T08:26:34","slug":"chiusura-parziale-del-traffico-a-causa-della-costruzione-dei-parcheggi-a-monte-san-marco","status":"publish","type":"post","link":"https:\/\/www.koper.si\/it\/chiusura-parziale-del-traffico-a-causa-della-costruzione-dei-parcheggi-a-monte-san-marco\/","title":{"rendered":"Chiusura parziale del traffico a causa della costruzione dei parcheggi a Monte San Marco"},"content":{"rendered":"<p><strong>A causa della costruzione dei parcheggi sopra Strada Kveder Du\u0161an-Toma a Monte San Marco, dalla prossima settimana fino a presumibilmente la met\u00e0 di febbraio, sar\u00e0 in vigore la chiusura parziale del traffico dalla rotonda semaforizzata in Strada per Monte San Marco in direzione di Monte San Marco fino allo stabile della sottostazione elettrica in Via Dragomir Ben\u010di\u010d. <\/strong><\/p>\n<p>Sopra Strada Kveder Du\u0161an-Toma a Monte San Marco il Comune citt\u00e0 di Capodistria sistemer\u00e0 due nuovi parcheggi con in totale 91 posti macchina. L\u2019investimento del valore di circa 1,5 milioni di euro verr\u00e0 realizzato dall\u2019azienda Godina d.o.o. (S.r.l.). A causa dell\u2019edificazione dei nuovi parcheggi bisogna spostare i cavi della rete elettroenergetica e delle telecomunicazioni ed eseguire un allacciamento dall\u2019esistente sottostazione elettrica ai parcheggi in questione.<\/p>\n<p>A causa dei lavori sar\u00e0 ostacolato il traffico sulla strada pubblica Strada di Monte San Marco &#8211; Velike njive, e cio\u00e8 nel tratto di circa 200 metri dalla rotonda semaforizzata in Strada per Monte San Marco in direzione di Monte San Marco, e nel tratto di 130 metri di Via Dragomir Ben\u010di\u010d (dalla rotonda con la Strada di Monte San Marco alla sottostazione elettrica).<\/p>\n<p>Il Comune citt\u00e0 di Capodistria prega tutti gli utenti del traffico di rispettare la segnaletica stradale e ringrazia per la comprensione.<\/p>\n<p>Foto: Google maps<\/p>\n","protected":false},"excerpt":{"rendered":"<p>A causa della costruzione dei parcheggi sopra Strada Kveder Du\u0161an-Toma a Monte San Marco, dalla prossima settimana fino a presumibilmente la met\u00e0 di febbraio, sar\u00e0 in vigore la chiusura parziale del traffico dalla rotonda semaforizzata in Strada per Monte San Marco in direzione di Monte San Marco fino allo stabile della sottostazione elettrica in Via<\/p>\n","protected":false},"author":21,"featured_media":111430,"comment_status":"closed","ping_status":"closed","sticky":false,"template":"","format":"standard","meta":{"_acf_changed":false,"inline_featured_image":false,"footnotes":""},"categories":[282],"tags":[],"class_list":["post-111429","post","type-post","status-publish","format-standard","has-post-thumbnail","hentry","category-generale"],"acf":[],"_links":{"self":[{"href":"https:\/\/www.koper.si\/it\/wp-json\/wp\/v2\/posts\/111429","targetHints":{"allow":["GET"]}}],"collection":[{"href":"https:\/\/www.koper.si\/it\/wp-json\/wp\/v2\/posts"}],"about":[{"href":"https:\/\/www.koper.si\/it\/wp-json\/wp\/v2\/types\/post"}],"author":[{"embeddable":true,"href":"https:\/\/www.koper.si\/it\/wp-json\/wp\/v2\/users\/21"}],"replies":[{"embeddable":true,"href":"https:\/\/www.koper.si\/it\/wp-json\/wp\/v2\/comments?post=111429"}],"version-history":[{"count":2,"href":"https:\/\/www.koper.si\/it\/wp-json\/wp\/v2\/posts\/111429\/revisions"}],"predecessor-version":[{"id":111433,"href":"https:\/\/www.koper.si\/it\/wp-json\/wp\/v2\/posts\/111429\/revisions\/111433"}],"wp:featuredmedia":[{"embeddable":true,"href":"https:\/\/www.koper.si\/it\/wp-json\/wp\/v2\/media\/111430"}],"wp:attachment":[{"href":"https:\/\/www.koper.si\/it\/wp-json\/wp\/v2\/media?parent=111429"}],"wp:term":[{"taxonomy":"category","embeddable":true,"href":"https:\/\/www.koper.si\/it\/wp-json\/wp\/v2\/categories?post=111429"},{"taxonomy":"post_tag","embeddable":true,"href":"https:\/\/www.koper.si\/it\/wp-json\/wp\/v2\/tags?post=111429"}],"curies":[{"name":"wp","href":"https:\/\/api.w.org\/{rel}","templated":true}]}}