{"id":111550,"date":"2025-08-29T11:53:14","date_gmt":"2025-08-29T09:53:14","guid":{"rendered":"https:\/\/www.koper.si\/?p=111550"},"modified":"2025-08-29T11:53:14","modified_gmt":"2025-08-29T09:53:14","slug":"chiusa-la-strada-tra-bivje-e-rizana-a-causa-delle-inondazioni-a-capodistria-aperti-i-due-garage","status":"publish","type":"post","link":"https:\/\/www.koper.si\/it\/chiusa-la-strada-tra-bivje-e-rizana-a-causa-delle-inondazioni-a-capodistria-aperti-i-due-garage\/","title":{"rendered":"Chiusa la strada tra Bivje e Ri\u017eana a causa delle inondazioni; a Capodistria aperti i due garage"},"content":{"rendered":"<p><strong>Le forti piogge, che dalla mattinata interessano l\u2019Istria slovena, stanno gi\u00e0 causando disagi. A causa delle inondazioni \u00e8 chiusa la strada statale tra Bivje e Ri\u017eana, attualmente inagibile. <\/strong><\/p>\n<p>Come previsto ieri dall\u2019Agenzia della RS per l\u2019ambiente, soprattutto la parte occidentale della Slovenia \u00e8 interessata oggi da forti temporali con ingenti precipitazioni. I temporali con piogge locali hanno raggiunto in mattinata l\u2019Istria slovena, a causa delle inondazioni \u00e8 attualmente inagibile la strada statale tra Bivje e Ri\u017eana. Tutte le squadre di soccorso disponibili sono a lavoro, si informa le cittadine e i cittadini di guidare con prudenza, le strade sono infatti inondate. Si invita inoltre gli abitanti dell\u2019area adiacente al Cornalunga e al Risano di rimanere a casa a causa del temporale e dell\u2019innalzamento del livello idrico dei due corsi d\u2019acqua. Le condizioni peggiorano velocemente, le strade stanno diventando inagibili, l\u2019area \u00e8 pericolosa per gli spostamenti.<\/p>\n<p>Il Comune citt\u00e0 di Capodistria consigli alle cittadine e ai cittadini di spostare le proprie automobili dai parcheggi a rischio inondazione (parcheggio presso il mercato, al mandracchio e a Semedella). Viste le intense precipitazioni di oggi, il Comune citt\u00e0 di Capodistria permette il parcheggio gratuito nei Garage Belvedere e Sole. I garage rimarranno aperti da oggi, 29 agosto, a domani, 30 agosto, fino alle ore 12. All\u2019arrivo nel garage bisogna comunque ritirare il biglietto di parcheggio, ma all\u2019uscita le sbarre di alzeranno automaticamente e non sar\u00e0 necessario pagare la sosta.<\/p>\n<p>Foto: CCC<\/p>\n","protected":false},"excerpt":{"rendered":"<p>Le forti piogge, che dalla mattinata interessano l\u2019Istria slovena, stanno gi\u00e0 causando disagi. A causa delle inondazioni \u00e8 chiusa la strada statale tra Bivje e Ri\u017eana, attualmente inagibile. Come previsto ieri dall\u2019Agenzia della RS per l\u2019ambiente, soprattutto la parte occidentale della Slovenia \u00e8 interessata oggi da forti temporali con ingenti precipitazioni. I temporali con piogge<\/p>\n","protected":false},"author":17,"featured_media":106801,"comment_status":"closed","ping_status":"closed","sticky":false,"template":"","format":"standard","meta":{"_acf_changed":false,"inline_featured_image":false,"footnotes":""},"categories":[282],"tags":[],"class_list":["post-111550","post","type-post","status-publish","format-standard","has-post-thumbnail","hentry","category-generale"],"acf":[],"_links":{"self":[{"href":"https:\/\/www.koper.si\/it\/wp-json\/wp\/v2\/posts\/111550","targetHints":{"allow":["GET"]}}],"collection":[{"href":"https:\/\/www.koper.si\/it\/wp-json\/wp\/v2\/posts"}],"about":[{"href":"https:\/\/www.koper.si\/it\/wp-json\/wp\/v2\/types\/post"}],"author":[{"embeddable":true,"href":"https:\/\/www.koper.si\/it\/wp-json\/wp\/v2\/users\/17"}],"replies":[{"embeddable":true,"href":"https:\/\/www.koper.si\/it\/wp-json\/wp\/v2\/comments?post=111550"}],"version-history":[{"count":2,"href":"https:\/\/www.koper.si\/it\/wp-json\/wp\/v2\/posts\/111550\/revisions"}],"predecessor-version":[{"id":111552,"href":"https:\/\/www.koper.si\/it\/wp-json\/wp\/v2\/posts\/111550\/revisions\/111552"}],"wp:featuredmedia":[{"embeddable":true,"href":"https:\/\/www.koper.si\/it\/wp-json\/wp\/v2\/media\/106801"}],"wp:attachment":[{"href":"https:\/\/www.koper.si\/it\/wp-json\/wp\/v2\/media?parent=111550"}],"wp:term":[{"taxonomy":"category","embeddable":true,"href":"https:\/\/www.koper.si\/it\/wp-json\/wp\/v2\/categories?post=111550"},{"taxonomy":"post_tag","embeddable":true,"href":"https:\/\/www.koper.si\/it\/wp-json\/wp\/v2\/tags?post=111550"}],"curies":[{"name":"wp","href":"https:\/\/api.w.org\/{rel}","templated":true}]}}