{"id":111600,"date":"2025-09-04T14:20:20","date_gmt":"2025-09-04T12:20:20","guid":{"rendered":"https:\/\/www.koper.si\/?p=111600"},"modified":"2025-09-05T08:32:58","modified_gmt":"2025-09-05T06:32:58","slug":"regime-del-traffico-modificato-in-brolo-e-nelle-vicinanze","status":"publish","type":"post","link":"https:\/\/www.koper.si\/it\/regime-del-traffico-modificato-in-brolo-e-nelle-vicinanze\/","title":{"rendered":"Regime del traffico modificato in Brolo e nelle vicinanze"},"content":{"rendered":"<p><strong>A causa dei preparativi e dell\u2019inaugurazione solenne del rinnovato palazzo Collegio dei Nobili, dal pomeriggio di marted\u00ec, 9 settembre, alla sera di gioved\u00ec, 11 settembre, Brolo, Piazzale del Ginnasio e le vie nelle immediate vicinanze delle due piazze saranno interessati dalla modifica del regime del traffico. <\/strong><\/p>\n<p>Da marted\u00ec, 9 settembre, dalle ore 16, a gioved\u00ec, 11 settembre, alle ore 20 non sar\u00e0 possibile parcheggiare in Brolo, in Piazza Peter Martinc, in Calle dei Consuli, in Via Sebastijan Krelj, in Via\u00a0 Darko Maru\u0161i\u010d, in Via Marjan Pobega, in Piazzale del Ginnasio, in Via Simon Gregor\u010di\u010d, in Via Sabini, in Via della Reforma Agraria, in Via del Fronte della Liberazione, in Via Luciano Dellavalle e in Via Prospero Petronio. Gioved\u00ec, 11 settembre, dalle ore 9 alle ore 20 sar\u00e0 in vigore la chiusura totale dell\u2019area interessata.<\/p>\n<p>I residenti delle vie interessate potranno effettuare le consegne a domicilio entro mercoled\u00ec, 10 settembre, fino alle ore 24. Durante la chiusura, i possessori dei permessi potranno parcheggiare gratuitamente presso il Garage Sole, ma devono prima ritirare i tagliandi di parcheggio presso il Garage Belvedere, esibendo il permesso valido.<\/p>\n<p>Le consegne in Brolo saranno possibili da marted\u00ec, 9 settembre, a gioved\u00ec, 11 settembre, esclusivamente nei posti contrassegnati, riservati ai veicoli di consegna. Gioved\u00ec, 11 settembre, le consegne saranno permesse fino alle ore 8:30, di seguito entrer\u00e0 in vigore la chiusura totale.<\/p>\n<p>Il Comune citt\u00e0 di Capodistria prega di rispettare le istruzioni delle guardie municipali, del personale di sicurezza e della polizia e ringrazia per la comprensione e la collaborazione.<\/p>\n<p>Foto: CCC<\/p>\n","protected":false},"excerpt":{"rendered":"<p>A causa dei preparativi e dell\u2019inaugurazione solenne del rinnovato palazzo Collegio dei Nobili, dal pomeriggio di marted\u00ec, 9 settembre, alla sera di gioved\u00ec, 11 settembre, Brolo, Piazzale del Ginnasio e le vie nelle immediate vicinanze delle due piazze saranno interessati dalla modifica del regime del traffico. Da marted\u00ec, 9 settembre, dalle ore 16, a gioved\u00ec,<\/p>\n","protected":false},"author":21,"featured_media":111598,"comment_status":"closed","ping_status":"closed","sticky":false,"template":"","format":"standard","meta":{"_acf_changed":false,"inline_featured_image":false,"footnotes":""},"categories":[282],"tags":[],"class_list":["post-111600","post","type-post","status-publish","format-standard","has-post-thumbnail","hentry","category-generale"],"acf":[],"_links":{"self":[{"href":"https:\/\/www.koper.si\/it\/wp-json\/wp\/v2\/posts\/111600","targetHints":{"allow":["GET"]}}],"collection":[{"href":"https:\/\/www.koper.si\/it\/wp-json\/wp\/v2\/posts"}],"about":[{"href":"https:\/\/www.koper.si\/it\/wp-json\/wp\/v2\/types\/post"}],"author":[{"embeddable":true,"href":"https:\/\/www.koper.si\/it\/wp-json\/wp\/v2\/users\/21"}],"replies":[{"embeddable":true,"href":"https:\/\/www.koper.si\/it\/wp-json\/wp\/v2\/comments?post=111600"}],"version-history":[{"count":4,"href":"https:\/\/www.koper.si\/it\/wp-json\/wp\/v2\/posts\/111600\/revisions"}],"predecessor-version":[{"id":111611,"href":"https:\/\/www.koper.si\/it\/wp-json\/wp\/v2\/posts\/111600\/revisions\/111611"}],"wp:featuredmedia":[{"embeddable":true,"href":"https:\/\/www.koper.si\/it\/wp-json\/wp\/v2\/media\/111598"}],"wp:attachment":[{"href":"https:\/\/www.koper.si\/it\/wp-json\/wp\/v2\/media?parent=111600"}],"wp:term":[{"taxonomy":"category","embeddable":true,"href":"https:\/\/www.koper.si\/it\/wp-json\/wp\/v2\/categories?post=111600"},{"taxonomy":"post_tag","embeddable":true,"href":"https:\/\/www.koper.si\/it\/wp-json\/wp\/v2\/tags?post=111600"}],"curies":[{"name":"wp","href":"https:\/\/api.w.org\/{rel}","templated":true}]}}