{"id":111617,"date":"2025-09-05T12:21:39","date_gmt":"2025-09-05T10:21:39","guid":{"rendered":"https:\/\/www.koper.si\/?p=111617"},"modified":"2025-09-08T08:22:19","modified_gmt":"2025-09-08T06:22:19","slug":"da-lunedi-aperta-la-strada-socerb-prebenico-per-i-veicoli-personali","status":"publish","type":"post","link":"https:\/\/www.koper.si\/it\/da-lunedi-aperta-la-strada-socerb-prebenico-per-i-veicoli-personali\/","title":{"rendered":"Da luned\u00ec aperta la strada Socerb-Prebenico per i veicoli personali"},"content":{"rendered":"<p><strong>Da luned\u00ec, 8 settembre, il tratto stradale Kastelec-Socerb-Prebenico tra Socerb e Prebenico riaprir\u00e0 per i veicoli personali di massa complessiva a pieno carico non superiore alle 3,5 tonnellate. Nel tratto pi\u00f9 usurato nella parte italiana della strada, il traffico sar\u00e0 a senso unico alternato con semaforo.<\/strong><\/p>\n<p>Da marzo era in vigore la chiusura totale della strada nel tratto Kastelec-Socerb-Prebenico a causa delle conseguenze dello smottamento nella parte italiana. A seguito di un accordo tra i rappresentanti del Comune di San Dorligo della Valle e del Comune citt\u00e0 di Capodistria, nonch\u00e9 dei servizi competenti da entrambe le parti del confine, luned\u00ec, 8 settembre, alle ore 13, la strada verr\u00e0 riaperta in entrambe le direzioni, e cio\u00e8 per i veicoli personali ovv. i veicoli, la cui massa complessiva a pieno carico non supera le 3,5 tonnellate.<\/p>\n<p>Da Socerb verso il valico di frontiera rimane in vigore il divieto di traffico per i mezzi pesanti ovv. per i veicoli, la cui massa complessiva a pieno carico supera le 3,5 tonnellate, e cio\u00e8 fino alla conclusione dei lavori di risanamento.<\/p>\n<p>Foto: Google maps<\/p>\n","protected":false},"excerpt":{"rendered":"<p>Da luned\u00ec, 8 settembre, il tratto stradale Kastelec-Socerb-Prebenico tra Socerb e Prebenico riaprir\u00e0 per i veicoli personali di massa complessiva a pieno carico non superiore alle 3,5 tonnellate. Nel tratto pi\u00f9 usurato nella parte italiana della strada, il traffico sar\u00e0 a senso unico alternato con semaforo. Da marzo era in vigore la chiusura totale della<\/p>\n","protected":false},"author":21,"featured_media":111615,"comment_status":"closed","ping_status":"closed","sticky":false,"template":"","format":"standard","meta":{"_acf_changed":false,"inline_featured_image":false,"footnotes":""},"categories":[282],"tags":[],"class_list":["post-111617","post","type-post","status-publish","format-standard","has-post-thumbnail","hentry","category-generale"],"acf":[],"_links":{"self":[{"href":"https:\/\/www.koper.si\/it\/wp-json\/wp\/v2\/posts\/111617","targetHints":{"allow":["GET"]}}],"collection":[{"href":"https:\/\/www.koper.si\/it\/wp-json\/wp\/v2\/posts"}],"about":[{"href":"https:\/\/www.koper.si\/it\/wp-json\/wp\/v2\/types\/post"}],"author":[{"embeddable":true,"href":"https:\/\/www.koper.si\/it\/wp-json\/wp\/v2\/users\/21"}],"replies":[{"embeddable":true,"href":"https:\/\/www.koper.si\/it\/wp-json\/wp\/v2\/comments?post=111617"}],"version-history":[{"count":2,"href":"https:\/\/www.koper.si\/it\/wp-json\/wp\/v2\/posts\/111617\/revisions"}],"predecessor-version":[{"id":111619,"href":"https:\/\/www.koper.si\/it\/wp-json\/wp\/v2\/posts\/111617\/revisions\/111619"}],"wp:featuredmedia":[{"embeddable":true,"href":"https:\/\/www.koper.si\/it\/wp-json\/wp\/v2\/media\/111615"}],"wp:attachment":[{"href":"https:\/\/www.koper.si\/it\/wp-json\/wp\/v2\/media?parent=111617"}],"wp:term":[{"taxonomy":"category","embeddable":true,"href":"https:\/\/www.koper.si\/it\/wp-json\/wp\/v2\/categories?post=111617"},{"taxonomy":"post_tag","embeddable":true,"href":"https:\/\/www.koper.si\/it\/wp-json\/wp\/v2\/tags?post=111617"}],"curies":[{"name":"wp","href":"https:\/\/api.w.org\/{rel}","templated":true}]}}