{"id":114012,"date":"2026-02-05T08:33:08","date_gmt":"2026-02-05T07:33:08","guid":{"rendered":"https:\/\/www.koper.si\/?p=114012"},"modified":"2026-02-05T08:33:08","modified_gmt":"2026-02-05T07:33:08","slug":"al-via-le-iscrizioni-nella-i-classe-delle-scuole-elementari-di-capodistria-2","status":"publish","type":"post","link":"https:\/\/www.koper.si\/it\/al-via-le-iscrizioni-nella-i-classe-delle-scuole-elementari-di-capodistria-2\/","title":{"rendered":"Al via le iscrizioni nella I classe delle scuole elementari di Capodistria"},"content":{"rendered":"<p><strong>In questi giorni iniziano le iscrizioni dei bambini nelle I classi delle scuole elementari del Comune citt\u00e0 di Capodistria per l\u2019anno scolastico 2026\/27. Ulteriori informazioni sugli orari e sul procedimento di iscrizione del bambino sono reperibili sulla pagina web della scuola elementare.<\/strong><\/p>\n<p>In autunno entreranno nelle prime classi di Capodistria i bambini nati nel 2020. I genitori possono iscrivere i propri figli in una delle undici scuole elementari nel Comune citt\u00e0 di Capodistria. Il numero esatto dei bambini che entreranno a scuola in autunno non \u00e8 ancora noto, comunque, le scuole hanno inviato quest\u2019anno 535 inviti all\u2019iscrizione.<\/p>\n<p><strong>Possibile cambiare scuola, ma a seconda delle capacit\u00e0 del singolo istituto<\/strong><\/p>\n<p>Il distretto scolastico dipende dalla residenza permanente o temporanea del bambino. Nel termine di 15 giorni dall\u2019iscrizione, i genitori possono presentare la richiesta di cambiare scuola fuori dal distretto scolastico. La scuola deve acconsentire al cambio, il bambino deve soddisfare le condizioni stabilite dall\u2019Ordinanza del Governo della Repubblica di Slovenia sulla rete pubblica delle scuole elementari, delle scuole elementari e degli enti di educazione e istruzione dei bambini e dei giovani con bisogni educativi speciali e della rete pubblica delle scuole di musica.<\/p>\n<p>In base alle richieste, le scuole elementari suddivideranno gli alunni a seconda dei distretti scolastici in collaborazione con il fondatore, il Comune citt\u00e0 di Capodistria. Il fondatore \u00e8 tenuto a garantire la suddivisione omogenea degli alunni a seconda delle possibilit\u00e0 della singola scuola elementare.<\/p>\n<p>Foto: CCC<\/p>\n","protected":false},"excerpt":{"rendered":"<p>In questi giorni iniziano le iscrizioni dei bambini nelle I classi delle scuole elementari del Comune citt\u00e0 di Capodistria per l\u2019anno scolastico 2026\/27. Ulteriori informazioni sugli orari e sul procedimento di iscrizione del bambino sono reperibili sulla pagina web della scuola elementare. In autunno entreranno nelle prime classi di Capodistria i bambini nati nel 2020.<\/p>\n","protected":false},"author":21,"featured_media":114010,"comment_status":"closed","ping_status":"closed","sticky":false,"template":"","format":"standard","meta":{"_acf_changed":false,"inline_featured_image":false,"footnotes":""},"categories":[282],"tags":[],"class_list":["post-114012","post","type-post","status-publish","format-standard","has-post-thumbnail","hentry","category-generale"],"acf":[],"_links":{"self":[{"href":"https:\/\/www.koper.si\/it\/wp-json\/wp\/v2\/posts\/114012","targetHints":{"allow":["GET"]}}],"collection":[{"href":"https:\/\/www.koper.si\/it\/wp-json\/wp\/v2\/posts"}],"about":[{"href":"https:\/\/www.koper.si\/it\/wp-json\/wp\/v2\/types\/post"}],"author":[{"embeddable":true,"href":"https:\/\/www.koper.si\/it\/wp-json\/wp\/v2\/users\/21"}],"replies":[{"embeddable":true,"href":"https:\/\/www.koper.si\/it\/wp-json\/wp\/v2\/comments?post=114012"}],"version-history":[{"count":2,"href":"https:\/\/www.koper.si\/it\/wp-json\/wp\/v2\/posts\/114012\/revisions"}],"predecessor-version":[{"id":114014,"href":"https:\/\/www.koper.si\/it\/wp-json\/wp\/v2\/posts\/114012\/revisions\/114014"}],"wp:featuredmedia":[{"embeddable":true,"href":"https:\/\/www.koper.si\/it\/wp-json\/wp\/v2\/media\/114010"}],"wp:attachment":[{"href":"https:\/\/www.koper.si\/it\/wp-json\/wp\/v2\/media?parent=114012"}],"wp:term":[{"taxonomy":"category","embeddable":true,"href":"https:\/\/www.koper.si\/it\/wp-json\/wp\/v2\/categories?post=114012"},{"taxonomy":"post_tag","embeddable":true,"href":"https:\/\/www.koper.si\/it\/wp-json\/wp\/v2\/tags?post=114012"}],"curies":[{"name":"wp","href":"https:\/\/api.w.org\/{rel}","templated":true}]}}