{"id":114429,"date":"2026-03-04T14:44:30","date_gmt":"2026-03-04T13:44:30","guid":{"rendered":"https:\/\/www.koper.si\/?p=114429"},"modified":"2026-03-04T14:45:47","modified_gmt":"2026-03-04T13:45:47","slug":"pubblicato-il-bando-per-la-concessione-di-garanzie-e-prestiti-nellambito-dello-schema-di-garanzia-per-la-regione-litoraneo-carsica-e-il-comune-di-ilirska-bistrica-per-lanno-2026","status":"publish","type":"post","link":"https:\/\/www.koper.si\/it\/pubblicato-il-bando-per-la-concessione-di-garanzie-e-prestiti-nellambito-dello-schema-di-garanzia-per-la-regione-litoraneo-carsica-e-il-comune-di-ilirska-bistrica-per-lanno-2026\/","title":{"rendered":"Pubblicato il bando per la concessione di garanzie e prestiti nell\u2019ambito dello Schema di garanzia per la Regione Litoraneo-carsica e il Comune di Ilirska Bistrica per l\u2019anno 2026"},"content":{"rendered":"<p><strong>Il Centro regionale di sviluppo di Capodistria ha pubblicato il bando per la concessione di garanzie e prestiti nell\u2019ambito dello Schema di garanzia per la Regione Litoraneo-carsica e il Comune di Ilirska Bistrica per l\u2019anno 2026.<\/strong><\/p>\n<p>Le micro e le piccole imprese, i lavoratori autonomi, le associazioni, gli enti, le cooperative e imprese sociali dei comuni di Ancarano, Diva\u010da, Hrpelje-Kozina, Ilirska Bistrica, Isola, Komen, del Comune citt\u00e0 di Capodistria, dei comuni di Pirano e Se\u017eana potranno accedere a prestiti e garanzie a condizioni agevolate per gli investimenti e il capitale circolante. In totale saranno disponibili 1.500.000 euro.<\/p>\n<p>Il termine ultimo per la presentazione delle richieste scade il 31 dicembre 2026.<\/p>\n<p>Foto: Pexels<\/p>\n","protected":false},"excerpt":{"rendered":"<p>Il Centro regionale di sviluppo di Capodistria ha pubblicato il bando per la concessione di garanzie e prestiti nell\u2019ambito dello Schema di garanzia per la Regione Litoraneo-carsica e il Comune di Ilirska Bistrica per l\u2019anno 2026. Le micro e le piccole imprese, i lavoratori autonomi, le associazioni, gli enti, le cooperative e imprese sociali dei<\/p>\n","protected":false},"author":17,"featured_media":114425,"comment_status":"closed","ping_status":"closed","sticky":false,"template":"","format":"standard","meta":{"_acf_changed":false,"inline_featured_image":false,"footnotes":""},"categories":[282],"tags":[],"class_list":["post-114429","post","type-post","status-publish","format-standard","has-post-thumbnail","hentry","category-generale"],"acf":[],"_links":{"self":[{"href":"https:\/\/www.koper.si\/it\/wp-json\/wp\/v2\/posts\/114429","targetHints":{"allow":["GET"]}}],"collection":[{"href":"https:\/\/www.koper.si\/it\/wp-json\/wp\/v2\/posts"}],"about":[{"href":"https:\/\/www.koper.si\/it\/wp-json\/wp\/v2\/types\/post"}],"author":[{"embeddable":true,"href":"https:\/\/www.koper.si\/it\/wp-json\/wp\/v2\/users\/17"}],"replies":[{"embeddable":true,"href":"https:\/\/www.koper.si\/it\/wp-json\/wp\/v2\/comments?post=114429"}],"version-history":[{"count":1,"href":"https:\/\/www.koper.si\/it\/wp-json\/wp\/v2\/posts\/114429\/revisions"}],"predecessor-version":[{"id":114430,"href":"https:\/\/www.koper.si\/it\/wp-json\/wp\/v2\/posts\/114429\/revisions\/114430"}],"wp:featuredmedia":[{"embeddable":true,"href":"https:\/\/www.koper.si\/it\/wp-json\/wp\/v2\/media\/114425"}],"wp:attachment":[{"href":"https:\/\/www.koper.si\/it\/wp-json\/wp\/v2\/media?parent=114429"}],"wp:term":[{"taxonomy":"category","embeddable":true,"href":"https:\/\/www.koper.si\/it\/wp-json\/wp\/v2\/categories?post=114429"},{"taxonomy":"post_tag","embeddable":true,"href":"https:\/\/www.koper.si\/it\/wp-json\/wp\/v2\/tags?post=114429"}],"curies":[{"name":"wp","href":"https:\/\/api.w.org\/{rel}","templated":true}]}}