{"id":114436,"date":"2026-03-04T18:11:34","date_gmt":"2026-03-04T17:11:34","guid":{"rendered":"https:\/\/www.koper.si\/?p=114436"},"modified":"2026-03-05T08:12:59","modified_gmt":"2026-03-05T07:12:59","slug":"asta-pubblica-dei-lotti-a-sermino-posticipata-al-12-marzo","status":"publish","type":"post","link":"https:\/\/www.koper.si\/it\/asta-pubblica-dei-lotti-a-sermino-posticipata-al-12-marzo\/","title":{"rendered":"Asta pubblica dei lotti a Sermino posticipata al 12 marzo"},"content":{"rendered":"<p><strong>L\u2019asta pubblica per la vendita degli immobili di propriet\u00e0 del Comune citt\u00e0 di Capodistria, in particolare di due complessi immobiliari a Sermino, \u00e8 posticipata a gioved\u00ec, 12 marzo. L\u2019asta pubblica si terr\u00e0 alle ore 10 al pianterreno del municipio all\u2019indirizzo Via Giuseppe Verdi n. 10.<\/strong><\/p>\n<p>Tutti gli immobili dell\u2019asta fanno parte dell\u2019area destinata ad attivit\u00e0 produttive, artigianali, commerciali e dei servizi. Il piano regolatore particolareggiato comunale permette nell\u2019area l\u2019edificazione di stabili non abitativi e strutture di ingegneria civile.<\/p>\n<p>Il Comune citt\u00e0 di Capodistria vende all\u2019asta gli immobili delle dimensioni complessive di 5.190 metri quadrati al prezzo di base di 1.225.592 euro. Vender\u00e0 inoltre una propriet\u00e0 della superficie di 37 metri quadrati e una propriet\u00e0 della superficie di 641 metri quadrati fino alla quota di un mezzo, al prezzo base complessivo di 108.049 euro. Il prezzo non include l\u2019imposta sul valore aggiunto ovv. l\u2019imposta sul traffico di immobili del 2%.<\/p>\n<p>Per ulteriori informazioni in merito al bando di concorso rivolgersi al link.<\/p>\n<p>Foto: Jaka Ivan\u010di\u010d<\/p>\n","protected":false},"excerpt":{"rendered":"<p>L\u2019asta pubblica per la vendita degli immobili di propriet\u00e0 del Comune citt\u00e0 di Capodistria, in particolare di due complessi immobiliari a Sermino, \u00e8 posticipata a gioved\u00ec, 12 marzo. L\u2019asta pubblica si terr\u00e0 alle ore 10 al pianterreno del municipio all\u2019indirizzo Via Giuseppe Verdi n. 10. Tutti gli immobili dell\u2019asta fanno parte dell\u2019area destinata ad attivit\u00e0<\/p>\n","protected":false},"author":17,"featured_media":114182,"comment_status":"closed","ping_status":"closed","sticky":false,"template":"","format":"standard","meta":{"_acf_changed":false,"inline_featured_image":false,"footnotes":""},"categories":[282],"tags":[],"class_list":["post-114436","post","type-post","status-publish","format-standard","has-post-thumbnail","hentry","category-generale"],"acf":[],"_links":{"self":[{"href":"https:\/\/www.koper.si\/it\/wp-json\/wp\/v2\/posts\/114436","targetHints":{"allow":["GET"]}}],"collection":[{"href":"https:\/\/www.koper.si\/it\/wp-json\/wp\/v2\/posts"}],"about":[{"href":"https:\/\/www.koper.si\/it\/wp-json\/wp\/v2\/types\/post"}],"author":[{"embeddable":true,"href":"https:\/\/www.koper.si\/it\/wp-json\/wp\/v2\/users\/17"}],"replies":[{"embeddable":true,"href":"https:\/\/www.koper.si\/it\/wp-json\/wp\/v2\/comments?post=114436"}],"version-history":[{"count":1,"href":"https:\/\/www.koper.si\/it\/wp-json\/wp\/v2\/posts\/114436\/revisions"}],"predecessor-version":[{"id":114437,"href":"https:\/\/www.koper.si\/it\/wp-json\/wp\/v2\/posts\/114436\/revisions\/114437"}],"wp:featuredmedia":[{"embeddable":true,"href":"https:\/\/www.koper.si\/it\/wp-json\/wp\/v2\/media\/114182"}],"wp:attachment":[{"href":"https:\/\/www.koper.si\/it\/wp-json\/wp\/v2\/media?parent=114436"}],"wp:term":[{"taxonomy":"category","embeddable":true,"href":"https:\/\/www.koper.si\/it\/wp-json\/wp\/v2\/categories?post=114436"},{"taxonomy":"post_tag","embeddable":true,"href":"https:\/\/www.koper.si\/it\/wp-json\/wp\/v2\/tags?post=114436"}],"curies":[{"name":"wp","href":"https:\/\/api.w.org\/{rel}","templated":true}]}}