{"id":114510,"date":"2026-03-11T14:13:57","date_gmt":"2026-03-11T13:13:57","guid":{"rendered":"https:\/\/www.koper.si\/?p=114510"},"modified":"2026-03-11T14:13:57","modified_gmt":"2026-03-11T13:13:57","slug":"al-via-lelaborazione-della-strategia-regionale-della-mobilita-sostenibile-della-regione-costiero-carsica","status":"publish","type":"post","link":"https:\/\/www.koper.si\/it\/al-via-lelaborazione-della-strategia-regionale-della-mobilita-sostenibile-della-regione-costiero-carsica\/","title":{"rendered":"Al via l\u2019elaborazione della strategia regionale della mobilit\u00e0 sostenibile della regione Costiero-Carsica"},"content":{"rendered":"<p><strong>Il Centro regionale della mobilit\u00e0 Istria-Brkini-Carso, che opera nell\u2019ambito del Centro di sviluppo regionale di Capodistria, sta preparando la Strategia regionale della mobilit\u00e0 sostenibile della Regione Costiero-Carsica. La Strategia sar\u00e0 il primo documento strategico che affronter\u00e0 la mobilit\u00e0 in modo integrato e a livello dell\u2019intera regione.<\/strong><\/p>\n<p>I flussi di traffico infatti superano i confini comunali, per cui molte sfide legate alla mobilit\u00e0 non possono essere risolte efficacemente soltanto a livello delle singole comunit\u00e0 locali.<\/p>\n<p>La strategia orienter\u00e0 lo sviluppo della mobilit\u00e0 nella Regione Costiero-Carsica per un periodo di sette anni, con l\u2019obiettivo di migliorare la qualit\u00e0 di vita dei residenti, ridurre i carichi di traffico e promuovere le forme di mobilit\u00e0 sostenibile.<\/p>\n<p>Particolare attenzione sar\u00e0 dedicata al miglioramento dell\u2019accessibilit\u00e0 e dei collegamenti di trasporto nella regione, all\u2019aumento della sicurezza stradale e alla riduzione degli impatti negativi del traffico sull\u2019ambiente.\u00a0 La strategia affronter\u00e0 inoltre lo sviluppo delle connessioni ciclabili nella regione, il miglioramento del trasporto pubblico passeggeri con particolare attenzione ai collegamenti con i principali centri regionali, una gestione pi\u00f9 efficiente della mobilit\u00e0 e le sfide legate al trasporto merci.<\/p>\n<p>La Strategia regionale della mobilit\u00e0 sostenibile riguarder\u00e0 l\u2019area della Regione di sviluppo Costiero-Carsica che comprende i comuni di Ancarano, Diva\u010da, Hrpelje-Kozina, Isola, Komen, Capodistria, Pirano e Se\u017eana.<\/p>\n<p>La preparazione della strategia si basa sull\u2019analisi dello stato attuale, sulla collaborazione tra esperti e sul coinvolgimento attivo del pubblico e degli operatori regionali. I cittadini, le organizzazioni e gli altri soggetti interessati potranno partecipare attraverso laboratori, consultazioni pubbliche e sondaggi online.<\/p>\n<p>Il progetto Strategia regionale della mobilit\u00e0 regionale della Regione Costiero-Carsica \u00e8 stato inserito nell\u2019Accordo per lo sviluppo della regione ed \u00e8 cofinanziato dal Fondo di coesione dell\u2019Unione europea. Il Ministero per la coesione e lo sviluppo regionale ha approvato un cofinanziamento di 80.000 EURO, mentre i restanti 20.000 EURO saranno garantiti dai comuni della Regione Costiero-Carsica. Il valore complessivo del progetto ammonta a 100.000 EURO e sar\u00e0 realizzato nel periodo da aprile 2025 a marzo 2028.\u00a0 La strategia sar\u00e0 elaborata dalla societ\u00e0 PNZ d.o.o. (S.r.l.) con il subappaltatore IGEA d.o.o. (S.r.l.).<\/p>\n<p>La Strategia regionale della mobilit\u00e0 sostenibile rappresenta un passo importante verso un sistema di trasporto pi\u00f9 sostenibile, sicuro ed efficiente e verso il miglioramento della qualit\u00e0 della vita nella Regione Costiero-Carsica.<\/p>\n<p>Foto: Vojko Rotar<\/p>\n<p><img loading=\"lazy\" decoding=\"async\" class=\"size-full wp-image-114503 aligncenter\" src=\"http:\/\/www.koper.si\/wp-content\/uploads\/2026\/03\/Logo-MOPE.png\" alt=\"\" width=\"668\" height=\"66\" \/><\/p>\n","protected":false},"excerpt":{"rendered":"<p>Il Centro regionale della mobilit\u00e0 Istria-Brkini-Carso, che opera nell\u2019ambito del Centro di sviluppo regionale di Capodistria, sta preparando la Strategia regionale della mobilit\u00e0 sostenibile della Regione Costiero-Carsica. La Strategia sar\u00e0 il primo documento strategico che affronter\u00e0 la mobilit\u00e0 in modo integrato e a livello dell\u2019intera regione. I flussi di traffico infatti superano i confini comunali,<\/p>\n","protected":false},"author":17,"featured_media":92495,"comment_status":"closed","ping_status":"closed","sticky":false,"template":"","format":"standard","meta":{"_acf_changed":false,"inline_featured_image":false,"footnotes":""},"categories":[282],"tags":[],"class_list":["post-114510","post","type-post","status-publish","format-standard","has-post-thumbnail","hentry","category-generale"],"acf":[],"_links":{"self":[{"href":"https:\/\/www.koper.si\/it\/wp-json\/wp\/v2\/posts\/114510","targetHints":{"allow":["GET"]}}],"collection":[{"href":"https:\/\/www.koper.si\/it\/wp-json\/wp\/v2\/posts"}],"about":[{"href":"https:\/\/www.koper.si\/it\/wp-json\/wp\/v2\/types\/post"}],"author":[{"embeddable":true,"href":"https:\/\/www.koper.si\/it\/wp-json\/wp\/v2\/users\/17"}],"replies":[{"embeddable":true,"href":"https:\/\/www.koper.si\/it\/wp-json\/wp\/v2\/comments?post=114510"}],"version-history":[{"count":1,"href":"https:\/\/www.koper.si\/it\/wp-json\/wp\/v2\/posts\/114510\/revisions"}],"predecessor-version":[{"id":114511,"href":"https:\/\/www.koper.si\/it\/wp-json\/wp\/v2\/posts\/114510\/revisions\/114511"}],"wp:featuredmedia":[{"embeddable":true,"href":"https:\/\/www.koper.si\/it\/wp-json\/wp\/v2\/media\/92495"}],"wp:attachment":[{"href":"https:\/\/www.koper.si\/it\/wp-json\/wp\/v2\/media?parent=114510"}],"wp:term":[{"taxonomy":"category","embeddable":true,"href":"https:\/\/www.koper.si\/it\/wp-json\/wp\/v2\/categories?post=114510"},{"taxonomy":"post_tag","embeddable":true,"href":"https:\/\/www.koper.si\/it\/wp-json\/wp\/v2\/tags?post=114510"}],"curies":[{"name":"wp","href":"https:\/\/api.w.org\/{rel}","templated":true}]}}