{"id":114547,"date":"2026-03-12T11:39:32","date_gmt":"2026-03-12T10:39:32","guid":{"rendered":"https:\/\/www.koper.si\/?p=114547"},"modified":"2026-03-12T11:39:32","modified_gmt":"2026-03-12T10:39:32","slug":"il-comune-risanera-il-tratto-deteriorato-della-strada-di-tribano","status":"publish","type":"post","link":"https:\/\/www.koper.si\/it\/il-comune-risanera-il-tratto-deteriorato-della-strada-di-tribano\/","title":{"rendered":"Il Comune risaner\u00e0 il tratto deteriorato della Strada di Tribano"},"content":{"rendered":"<p><strong>All\u2019inizio della prossima settimana il Comune citt\u00e0 di Capodistria avvier\u00e0 il risanamento del manto stradale deteriorato del tratto di circa 150 metri della Strada di Tribano a Vanganel, presso la curva Gardenija. Nel periodo compreso tra presumibilmente luned\u00ec, 16 marzo e mercoled\u00ec, 18 marzo, il tratto sar\u00e0 pertanto interessato dalla chiusura totale del traffico in mattinata. Il servizio del trasporto scolastico non subir\u00e0 modifiche. <\/strong><\/p>\n<p>Il Comune citt\u00e0 di Capodistria realizzer\u00e0 l\u2019investimento nell\u2019ambito della manutenzione regolare delle strade e vi dedicher\u00e0 circa 26.300 euro. L\u2019esecutore, l\u2019azienda Cestno podjetje Koper, eliminer\u00e0 il manto stradale deteriorato e provveder\u00e0 al suo rinnovo. Il Comune garantir\u00e0 cos\u00ec una maggiore sicurezza stradale nel tratto usurato della Strada di Tribano.<\/p>\n<p>Da luned\u00ec a mercoled\u00ec ci sar\u00e0 la chiusura totale del traffico tra le ore 8 e le ore 13, il servizio di trasporto scolastico non subir\u00e0 modifiche. Il Comune citt\u00e0 di Capodistria prega tutti gli utenti del traffico di rispettare la segnaletica stradale e ringrazia per la comprensione.<\/p>\n<p>Foto: Google maps<\/p>\n","protected":false},"excerpt":{"rendered":"<p>All\u2019inizio della prossima settimana il Comune citt\u00e0 di Capodistria avvier\u00e0 il risanamento del manto stradale deteriorato del tratto di circa 150 metri della Strada di Tribano a Vanganel, presso la curva Gardenija. Nel periodo compreso tra presumibilmente luned\u00ec, 16 marzo e mercoled\u00ec, 18 marzo, il tratto sar\u00e0 pertanto interessato dalla chiusura totale del traffico in<\/p>\n","protected":false},"author":21,"featured_media":114544,"comment_status":"closed","ping_status":"closed","sticky":false,"template":"","format":"standard","meta":{"_acf_changed":false,"inline_featured_image":false,"footnotes":""},"categories":[282],"tags":[],"class_list":["post-114547","post","type-post","status-publish","format-standard","has-post-thumbnail","hentry","category-generale"],"acf":[],"_links":{"self":[{"href":"https:\/\/www.koper.si\/it\/wp-json\/wp\/v2\/posts\/114547","targetHints":{"allow":["GET"]}}],"collection":[{"href":"https:\/\/www.koper.si\/it\/wp-json\/wp\/v2\/posts"}],"about":[{"href":"https:\/\/www.koper.si\/it\/wp-json\/wp\/v2\/types\/post"}],"author":[{"embeddable":true,"href":"https:\/\/www.koper.si\/it\/wp-json\/wp\/v2\/users\/21"}],"replies":[{"embeddable":true,"href":"https:\/\/www.koper.si\/it\/wp-json\/wp\/v2\/comments?post=114547"}],"version-history":[{"count":2,"href":"https:\/\/www.koper.si\/it\/wp-json\/wp\/v2\/posts\/114547\/revisions"}],"predecessor-version":[{"id":114549,"href":"https:\/\/www.koper.si\/it\/wp-json\/wp\/v2\/posts\/114547\/revisions\/114549"}],"wp:featuredmedia":[{"embeddable":true,"href":"https:\/\/www.koper.si\/it\/wp-json\/wp\/v2\/media\/114544"}],"wp:attachment":[{"href":"https:\/\/www.koper.si\/it\/wp-json\/wp\/v2\/media?parent=114547"}],"wp:term":[{"taxonomy":"category","embeddable":true,"href":"https:\/\/www.koper.si\/it\/wp-json\/wp\/v2\/categories?post=114547"},{"taxonomy":"post_tag","embeddable":true,"href":"https:\/\/www.koper.si\/it\/wp-json\/wp\/v2\/tags?post=114547"}],"curies":[{"name":"wp","href":"https:\/\/api.w.org\/{rel}","templated":true}]}}