{"id":114555,"date":"2026-03-16T10:40:35","date_gmt":"2026-03-16T09:40:35","guid":{"rendered":"https:\/\/www.koper.si\/?p=114555"},"modified":"2026-03-16T10:40:35","modified_gmt":"2026-03-16T09:40:35","slug":"la-votazione-anticipata-per-le-elezioni-alla-camera-di-stato-si-terra-nellarena-bonifika","status":"publish","type":"post","link":"https:\/\/www.koper.si\/it\/la-votazione-anticipata-per-le-elezioni-alla-camera-di-stato-si-terra-nellarena-bonifika\/","title":{"rendered":"La votazione anticipata per le elezioni alla Camera di Stato si terr\u00e0 nell\u2019Arena Bonifika"},"content":{"rendered":"<p><strong>Domenica, 22 marzo 2026, si terranno le elezioni ordinarie alla Camera di Stato. Gli aventi diritto al voto che il giorno della votazione non possono presentarsi al proprio seggio, possono esprimere il proprio voto anche in altre forme di votazione.<\/strong><\/p>\n<p>Le elezioni ordinarie alla Camera di Stato si terranno domenica, 22 marzo 2026, dalle ore 7 alle ore 19, gli aventi diritto al voto possono votare personalmente al seggio elettorale, dove sono iscritti nell\u2019elenco elettorale, da domani possono invece votare in forma anticipata.<\/p>\n<p>Non c\u2019\u00e8 bisogno di prenotare la votazione anticipata, si vota al seggio particolare, previsto per la votazione anticipata per la singola circoscrizione elettorale. Nell\u2019area di competenza dell\u2019Unit\u00e0 amministrativa di Capodistria, la votazione anticipata si svolger\u00e0 nell\u2019Arena Bonifika, Strada Zora Perello Godina 3 (entrata di fronte alla piscina olimpica).<\/p>\n<p>La votazione anticipata si terr\u00e0 da marted\u00ec, 17 marzo, a gioved\u00ec, 19 marzo 2026, ogni giorno dalle ore 7 alle ore 19. Gli elettori devono portare con s\u00e9 l\u2019avviso &#8211; invito alle elezioni. Al seggio dovranno esibire al comitato elettorale un documento d\u2019identit\u00e0.<\/p>\n<p>La Commissione elettorale distrettuale 2005 Capodistria 2 avvisa inoltre sulla modifica del seggio elettorale nell\u2019area della Comunit\u00e0 locale Creatvini, e cio\u00e8 sar\u00e0 nella Caserma dei Vigili del fuoco di Crevatini, non pi\u00f9 nella Casa di cultura di Bosici.<\/p>\n<p>Foto: CCC<\/p>\n","protected":false},"excerpt":{"rendered":"<p>Domenica, 22 marzo 2026, si terranno le elezioni ordinarie alla Camera di Stato. Gli aventi diritto al voto che il giorno della votazione non possono presentarsi al proprio seggio, possono esprimere il proprio voto anche in altre forme di votazione. Le elezioni ordinarie alla Camera di Stato si terranno domenica, 22 marzo 2026, dalle ore<\/p>\n","protected":false},"author":17,"featured_media":98100,"comment_status":"closed","ping_status":"closed","sticky":false,"template":"","format":"standard","meta":{"_acf_changed":false,"inline_featured_image":false,"footnotes":""},"categories":[282],"tags":[],"class_list":["post-114555","post","type-post","status-publish","format-standard","has-post-thumbnail","hentry","category-generale"],"acf":[],"_links":{"self":[{"href":"https:\/\/www.koper.si\/it\/wp-json\/wp\/v2\/posts\/114555","targetHints":{"allow":["GET"]}}],"collection":[{"href":"https:\/\/www.koper.si\/it\/wp-json\/wp\/v2\/posts"}],"about":[{"href":"https:\/\/www.koper.si\/it\/wp-json\/wp\/v2\/types\/post"}],"author":[{"embeddable":true,"href":"https:\/\/www.koper.si\/it\/wp-json\/wp\/v2\/users\/17"}],"replies":[{"embeddable":true,"href":"https:\/\/www.koper.si\/it\/wp-json\/wp\/v2\/comments?post=114555"}],"version-history":[{"count":2,"href":"https:\/\/www.koper.si\/it\/wp-json\/wp\/v2\/posts\/114555\/revisions"}],"predecessor-version":[{"id":114557,"href":"https:\/\/www.koper.si\/it\/wp-json\/wp\/v2\/posts\/114555\/revisions\/114557"}],"wp:featuredmedia":[{"embeddable":true,"href":"https:\/\/www.koper.si\/it\/wp-json\/wp\/v2\/media\/98100"}],"wp:attachment":[{"href":"https:\/\/www.koper.si\/it\/wp-json\/wp\/v2\/media?parent=114555"}],"wp:term":[{"taxonomy":"category","embeddable":true,"href":"https:\/\/www.koper.si\/it\/wp-json\/wp\/v2\/categories?post=114555"},{"taxonomy":"post_tag","embeddable":true,"href":"https:\/\/www.koper.si\/it\/wp-json\/wp\/v2\/tags?post=114555"}],"curies":[{"name":"wp","href":"https:\/\/api.w.org\/{rel}","templated":true}]}}