{"id":114967,"date":"2026-04-09T14:26:36","date_gmt":"2026-04-09T12:26:36","guid":{"rendered":"https:\/\/www.koper.si\/?p=114967"},"modified":"2026-04-09T14:26:36","modified_gmt":"2026-04-09T12:26:36","slug":"danijel-malalan-nuovo-direttore-del-teatro-di-capodistria","status":"publish","type":"post","link":"https:\/\/www.koper.si\/it\/danijel-malalan-nuovo-direttore-del-teatro-di-capodistria\/","title":{"rendered":"Danijel Malalan nuovo direttore del Teatro di Capodistria"},"content":{"rendered":"<p><strong>Il nuovo direttore diriger\u00e0 l\u2019Ente pubblico Teatro di Capodistria per i prossimi cinque anni. In base al parere del Consiglio dell\u2019ente, il Sindaco del Comune citt\u00e0 di Capodistria Ale\u0161 Br\u017ean ha nominato Danijel Malalan nuovo direttore. <\/strong><\/p>\n<p>11 richieste sono pervenute al bando di concorso per la nomina del direttore del Teatro di Capodistria, pubblicato dal Comune citt\u00e0 di Capodistria nel mese di febbraio. Tre candidati soddisfano tutte le condizioni del bando. Il Sindaco ha seguito il parere preliminare del Consiglio dell\u2019ente ed ha nominato a direttore Danijel Malalan. Malalan assumer\u00e0 la carica per il mandato di cinque anni presumibilmente il 1\u00ba dicembre, quando si conclude la carica all\u2019attuale direttrice Katarina Pegan.<\/p>\n<p>Danijel Malalan \u00e8 nato il 6 giugno 1972 a Trieste. Malalan \u00e8 un attore teatrale e cinematografico, cantante, presentatore e regista. Nel 2000 si \u00e8 laureato all\u2019Accademia per il teatro, la radio, il film e la televisione a Ljubljana, nel 2018 invece anche alla Facolt\u00e0 di management a Capodistria. Vive e lavora tra Trieste, Ljubljana e il Litorale ed \u00e8 collaboratore stabile del teatro di Capodistria in qualit\u00e0 di artista indipendente. Ha ricevuto diversi premi per il suo lavoro, \u00e8 stato anche direttore pluriennale del Teatro stabile sloveno di Trieste.<\/p>\n<p>Foto: Teatro di Capodistria, Teatro stabile sloveno di Trieste<\/p>\n","protected":false},"excerpt":{"rendered":"<p>Il nuovo direttore diriger\u00e0 l\u2019Ente pubblico Teatro di Capodistria per i prossimi cinque anni. In base al parere del Consiglio dell\u2019ente, il Sindaco del Comune citt\u00e0 di Capodistria Ale\u0161 Br\u017ean ha nominato Danijel Malalan nuovo direttore. 11 richieste sono pervenute al bando di concorso per la nomina del direttore del Teatro di Capodistria, pubblicato dal<\/p>\n","protected":false},"author":21,"featured_media":114964,"comment_status":"closed","ping_status":"closed","sticky":false,"template":"","format":"standard","meta":{"_acf_changed":false,"inline_featured_image":false,"footnotes":""},"categories":[282],"tags":[],"class_list":["post-114967","post","type-post","status-publish","format-standard","has-post-thumbnail","hentry","category-generale"],"acf":[],"_links":{"self":[{"href":"https:\/\/www.koper.si\/it\/wp-json\/wp\/v2\/posts\/114967","targetHints":{"allow":["GET"]}}],"collection":[{"href":"https:\/\/www.koper.si\/it\/wp-json\/wp\/v2\/posts"}],"about":[{"href":"https:\/\/www.koper.si\/it\/wp-json\/wp\/v2\/types\/post"}],"author":[{"embeddable":true,"href":"https:\/\/www.koper.si\/it\/wp-json\/wp\/v2\/users\/21"}],"replies":[{"embeddable":true,"href":"https:\/\/www.koper.si\/it\/wp-json\/wp\/v2\/comments?post=114967"}],"version-history":[{"count":2,"href":"https:\/\/www.koper.si\/it\/wp-json\/wp\/v2\/posts\/114967\/revisions"}],"predecessor-version":[{"id":114969,"href":"https:\/\/www.koper.si\/it\/wp-json\/wp\/v2\/posts\/114967\/revisions\/114969"}],"wp:featuredmedia":[{"embeddable":true,"href":"https:\/\/www.koper.si\/it\/wp-json\/wp\/v2\/media\/114964"}],"wp:attachment":[{"href":"https:\/\/www.koper.si\/it\/wp-json\/wp\/v2\/media?parent=114967"}],"wp:term":[{"taxonomy":"category","embeddable":true,"href":"https:\/\/www.koper.si\/it\/wp-json\/wp\/v2\/categories?post=114967"},{"taxonomy":"post_tag","embeddable":true,"href":"https:\/\/www.koper.si\/it\/wp-json\/wp\/v2\/tags?post=114967"}],"curies":[{"name":"wp","href":"https:\/\/api.w.org\/{rel}","templated":true}]}}