{"id":115156,"date":"2026-04-16T14:17:06","date_gmt":"2026-04-16T12:17:06","guid":{"rendered":"https:\/\/www.koper.si\/?p=115156"},"modified":"2026-04-16T14:17:06","modified_gmt":"2026-04-16T12:17:06","slug":"al-via-la-costruzione-del-centro-sanitario-di-capodistria","status":"publish","type":"post","link":"https:\/\/www.koper.si\/it\/al-via-la-costruzione-del-centro-sanitario-di-capodistria\/","title":{"rendered":"Al via la costruzione del Centro sanitario di Capodistria"},"content":{"rendered":"<p><strong>La posa della prima pietra nell\u2019area del Centro urbano Barka ha dato il via alla costruzione del Centro sanitario di Capodistria, un investimento del valore di quasi 32 milioni di euro. Il Centro sanitario garantir\u00e0 l\u2019assistenza sanitaria di qualit\u00e0, completa e continuativa alle cittadine e ai cittadini con accesso rapido ad una serie di servizi sanitari riuniti in un\u2019unica ubicazione.<\/strong><\/p>\n<p>Il Centro sanitario si estender\u00e0 su una superficie di 7.368,65 metri quadrati ed offrir\u00e0 alle cittadine e ai cittadini un migliore servizio sanitario, al personale sanitario invece condizioni idonee per l\u2019attuazione dei servizi stessi.<\/p>\n<p>La struttura, delle dimensioni di circa 45 x 73,5 metri, sar\u00e0 composta dal pianterreno e cinque piani. Oltre all\u2019atrio, al pianterreno ci saranno i pediatri, il laboratorio, il dentista di turno e la farmacia. I medici di famiglia, il farmacista clinico e la sala riunioni saranno al primo piano, l\u2019ambulatorio per il diabete, il ginecologo e la fisioterapia al secondo piano, al terzo invece tra l\u2019altro il dentista, il medico del lavoro e dello sport, l\u2019ambulatorio per le malattie polmonari e gli ambulatori di radiologia ed ecografia. Gli ultimi due piani saranno occupati prevalentemente da uffici e locali tecnici. Tra i vari piani ci saranno le scale e gli ascensori. L\u2019intero edificio sar\u00e0 adeguato anche alle persone con varie disabilit\u00e0. Sar\u00e0 garantita la cosiddetta costruzione universale, che tiene conto di tutti gli standard per le persone con disabilit\u00e0 funzionali, come ad esempio le segnalazioni sonore e i percorsi tattili a pavimento.<\/p>\n<p>Il Centro sanitario prevede anche un drive-in in caso di emergenze e situazioni straordinarie e l\u2019unit\u00e0 della farmacia in modalit\u00e0 drive-in. Sul tetto dell\u2019edificio si prevede la centrale solare.<\/p>\n<p>La nuova costruzione risolver\u00e0 anche le difficolt\u00e0 legate allo spazio della Casa della sanit\u00e0 di Capodistria con l\u2019inclusione di nuovi ambulatori e nuovi locali per l\u2019attuazione delle attivit\u00e0 preventive e di promozione della salute.<\/p>\n<p>All\u2019odierna cerimonia, alla quale hanno partecipato tra l\u2019altro anche il direttore della Casa della sanit\u00e0 di Capodistria Igor Hrvatin e il segretario di stato presso il Ministero della salute Denis Korde\u017e, il Sindaco del Comune citt\u00e0 di Capodistria Ale\u0161 Br\u017ean ha ribadito: \u00abSappiamo tutti che la salute dev\u2019essere sempre al primo posto. A Capodistria non si trova nemmeno in una stessa ubicazione. Il lungo percorso tra i vari ambulatori, dal medico alla farmacia e viceversa, non \u00e8 un orgoglio per la citt\u00e0. Sono molto contento e soddisfatto di aver posto oggi la prima pietra per il nuovo centro sanitario, con il quale uniremo a Capodistria quasi tutte le attivit\u00e0 sanitarie in un\u2019unica struttura e permetteremo a tutti l\u2019accesso tempestivo e semplice ai servizi sanitari di qualit\u00e0. L\u2019investimento pi\u00f9 importante nella storia del comune rappresenta un\u2019importante impegno finanziario, ma ce la possiamo fare. Perch\u00e9 Capodistria \u00e8 una comunit\u00e0 coraggiosa, responsabile e solidale che sa prendersi cura della propria gente\u00bb.<\/p>\n<p>Il Comune citt\u00e0 di Capodistria dedicher\u00e0 all\u2019investimento 24.896.888,60 euro, la Casa della sanit\u00e0 di Capodistria 2.881.074,89 euro per l\u2019acquisto delle apparecchiature mediche, il Ministero della salute cofinanzier\u00e0 invece il progetto con 4.052.880 euro. La conclusione dell\u2019edificazione e l\u2019inaugurazione del Centro sanitario di Capodistria sono previsti nell\u2019anno 2028.<\/p>\n<p>Foto: Zdravko Primo\u017ei\u010d\/FPA<\/p>\n","protected":false},"excerpt":{"rendered":"<p>La posa della prima pietra nell\u2019area del Centro urbano Barka ha dato il via alla costruzione del Centro sanitario di Capodistria, un investimento del valore di quasi 32 milioni di euro. Il Centro sanitario garantir\u00e0 l\u2019assistenza sanitaria di qualit\u00e0, completa e continuativa alle cittadine e ai cittadini con accesso rapido ad una serie di servizi<\/p>\n","protected":false},"author":17,"featured_media":115150,"comment_status":"closed","ping_status":"closed","sticky":false,"template":"","format":"standard","meta":{"_acf_changed":false,"inline_featured_image":false,"footnotes":""},"categories":[282],"tags":[],"class_list":["post-115156","post","type-post","status-publish","format-standard","has-post-thumbnail","hentry","category-generale"],"acf":[],"_links":{"self":[{"href":"https:\/\/www.koper.si\/it\/wp-json\/wp\/v2\/posts\/115156","targetHints":{"allow":["GET"]}}],"collection":[{"href":"https:\/\/www.koper.si\/it\/wp-json\/wp\/v2\/posts"}],"about":[{"href":"https:\/\/www.koper.si\/it\/wp-json\/wp\/v2\/types\/post"}],"author":[{"embeddable":true,"href":"https:\/\/www.koper.si\/it\/wp-json\/wp\/v2\/users\/17"}],"replies":[{"embeddable":true,"href":"https:\/\/www.koper.si\/it\/wp-json\/wp\/v2\/comments?post=115156"}],"version-history":[{"count":1,"href":"https:\/\/www.koper.si\/it\/wp-json\/wp\/v2\/posts\/115156\/revisions"}],"predecessor-version":[{"id":115157,"href":"https:\/\/www.koper.si\/it\/wp-json\/wp\/v2\/posts\/115156\/revisions\/115157"}],"wp:featuredmedia":[{"embeddable":true,"href":"https:\/\/www.koper.si\/it\/wp-json\/wp\/v2\/media\/115150"}],"wp:attachment":[{"href":"https:\/\/www.koper.si\/it\/wp-json\/wp\/v2\/media?parent=115156"}],"wp:term":[{"taxonomy":"category","embeddable":true,"href":"https:\/\/www.koper.si\/it\/wp-json\/wp\/v2\/categories?post=115156"},{"taxonomy":"post_tag","embeddable":true,"href":"https:\/\/www.koper.si\/it\/wp-json\/wp\/v2\/tags?post=115156"}],"curies":[{"name":"wp","href":"https:\/\/api.w.org\/{rel}","templated":true}]}}