{"id":115177,"date":"2026-04-17T10:59:06","date_gmt":"2026-04-17T08:59:06","guid":{"rendered":"https:\/\/www.koper.si\/?p=115177"},"modified":"2026-04-17T10:59:06","modified_gmt":"2026-04-17T08:59:06","slug":"mercoledi-visita-guidata-del-palazzo-collegio-dei-nobili","status":"publish","type":"post","link":"https:\/\/www.koper.si\/it\/mercoledi-visita-guidata-del-palazzo-collegio-dei-nobili\/","title":{"rendered":"Mercoled\u00ec visita guidata del palazzo Collegio dei Nobili"},"content":{"rendered":"<p><strong>Il Comune citt\u00e0 di Capodistria e l\u2019Ente per la tutela del patrimonio culturale della Slovenia organizzano la visita guidata del rinnovato palazzo Collegio dei Nobili che si terr\u00e0 mercoled\u00ec 22 aprile. Il pubblico potr\u00e0 visitare il rinnovato palazzo alle ore 16.30, 17.30 e 18.30. <\/strong><\/p>\n<p>La singola visita avr\u00e0 la durata di circa 45 minuti. La visita sar\u00e0 possibile solamente previo appuntamento all\u2019indirizzo elettronico <a href=\"mailto:pr@koper.si\">protokol@koper.si<\/a>, e cio\u00e8 fino all\u2019esaurimento dei posti disponibili. Bisogna comunicare i nomi e i cognomi di tutte le persone che parteciperanno alla visita, il numero di telefono e l\u2019orario di visita richiesto.<\/p>\n<p>Il Comune citt\u00e0 di Capodistria, con il supporto finanziario del Ministero dell\u2019educazione e dell\u2019istruzione ha restaurato completamente il Collegio dei Nobili &#8211; il palazzo risalente al XVII secolo, sede della Scuola elementare Pier Paolo Vergerio il Vecchio Capodistria e del ginnasio Gian Rinaldo Carli. Il rinnovo ha suscitato molta soddisfazione e interesse tra il pubblico, il Comune ha infatti organizzato gi\u00e0 tre visite guidate del palazzo.<\/p>\n<p>Foto: Toma\u017e Primo\u017ei\u010d\/FPA<\/p>\n","protected":false},"excerpt":{"rendered":"<p>Il Comune citt\u00e0 di Capodistria e l\u2019Ente per la tutela del patrimonio culturale della Slovenia organizzano la visita guidata del rinnovato palazzo Collegio dei Nobili che si terr\u00e0 mercoled\u00ec 22 aprile. Il pubblico potr\u00e0 visitare il rinnovato palazzo alle ore 16.30, 17.30 e 18.30. La singola visita avr\u00e0 la durata di circa 45 minuti. La<\/p>\n","protected":false},"author":21,"featured_media":115167,"comment_status":"closed","ping_status":"closed","sticky":false,"template":"","format":"standard","meta":{"_acf_changed":false,"inline_featured_image":false,"footnotes":""},"categories":[282],"tags":[],"class_list":["post-115177","post","type-post","status-publish","format-standard","has-post-thumbnail","hentry","category-generale"],"acf":[],"_links":{"self":[{"href":"https:\/\/www.koper.si\/it\/wp-json\/wp\/v2\/posts\/115177","targetHints":{"allow":["GET"]}}],"collection":[{"href":"https:\/\/www.koper.si\/it\/wp-json\/wp\/v2\/posts"}],"about":[{"href":"https:\/\/www.koper.si\/it\/wp-json\/wp\/v2\/types\/post"}],"author":[{"embeddable":true,"href":"https:\/\/www.koper.si\/it\/wp-json\/wp\/v2\/users\/21"}],"replies":[{"embeddable":true,"href":"https:\/\/www.koper.si\/it\/wp-json\/wp\/v2\/comments?post=115177"}],"version-history":[{"count":2,"href":"https:\/\/www.koper.si\/it\/wp-json\/wp\/v2\/posts\/115177\/revisions"}],"predecessor-version":[{"id":115181,"href":"https:\/\/www.koper.si\/it\/wp-json\/wp\/v2\/posts\/115177\/revisions\/115181"}],"wp:featuredmedia":[{"embeddable":true,"href":"https:\/\/www.koper.si\/it\/wp-json\/wp\/v2\/media\/115167"}],"wp:attachment":[{"href":"https:\/\/www.koper.si\/it\/wp-json\/wp\/v2\/media?parent=115177"}],"wp:term":[{"taxonomy":"category","embeddable":true,"href":"https:\/\/www.koper.si\/it\/wp-json\/wp\/v2\/categories?post=115177"},{"taxonomy":"post_tag","embeddable":true,"href":"https:\/\/www.koper.si\/it\/wp-json\/wp\/v2\/tags?post=115177"}],"curies":[{"name":"wp","href":"https:\/\/api.w.org\/{rel}","templated":true}]}}