{"id":79176,"date":"2020-11-18T17:50:45","date_gmt":"2020-11-18T16:50:45","guid":{"rendered":"https:\/\/www.koper.si\/priprave-na-drugacen-a-kljub-vsemu-praznicni-december\/"},"modified":"2020-12-18T15:41:31","modified_gmt":"2020-12-18T14:41:31","slug":"i-preparativi-per-un-dicembre-diverso-ma-comunque-festivo","status":"publish","type":"post","link":"https:\/\/www.koper.si\/it\/i-preparativi-per-un-dicembre-diverso-ma-comunque-festivo\/","title":{"rendered":"I preparativi per un dicembre diverso, ma comunque festivo"},"content":{"rendered":"<p>&nbsp;<\/p>\n<p><strong>Le luminarie natalizie a Capodistria illumineranno la citt\u00e0 presumibilmente nei primi giorni di dicembre; se le condizioni saranno favorevoli, il Comune, in collaborazione con L&#8217;Ente pubblico per i giovani, la cultura e il turismo di Capodistria, sistemer\u00e0 la pista di pattinaggio sul ghiaccio, organizzer\u00e0 il mercatino di Natale e curer\u00e0 il programma festivo. <\/strong><\/p>\n<div id='gallery-1'  class='gallery galleryid-79176 gallery-columns-2 gallery-size-large'><figure class='gallery-item'>\n\t\t\t<div class='gallery-icon landscape'>\n\t\t\t\t<a data-fancybox=\"gallery-79176\" data-caption=\"\" href='https:\/\/www.koper.si\/wp-content\/uploads\/2020\/11\/Luc-KP-web-18.jpg'><img loading=\"lazy\" decoding=\"async\" width=\"640\" height=\"640\" src=\"https:\/\/www.koper.si\/wp-content\/uploads\/2020\/11\/Luc-KP-web-18-1024x1024.jpg\" class=\"attachment-large size-large\" alt=\"\" srcset=\"https:\/\/www.koper.si\/wp-content\/uploads\/2020\/11\/Luc-KP-web-18-1024x1024.jpg 1024w, https:\/\/www.koper.si\/wp-content\/uploads\/2020\/11\/Luc-KP-web-18-300x300.jpg 300w, https:\/\/www.koper.si\/wp-content\/uploads\/2020\/11\/Luc-KP-web-18-150x150.jpg 150w\" sizes=\"auto, (max-width: 640px) 100vw, 640px\" \/><\/a>\n\t\t\t<\/div><\/figure><figure class='gallery-item'>\n\t\t\t<div class='gallery-icon landscape'>\n\t\t\t\t<a data-fancybox=\"gallery-79176\" data-caption=\"\" href='https:\/\/www.koper.si\/wp-content\/uploads\/2020\/11\/Luc-KP-web-9.jpg'><img loading=\"lazy\" decoding=\"async\" width=\"640\" height=\"640\" src=\"https:\/\/www.koper.si\/wp-content\/uploads\/2020\/11\/Luc-KP-web-9-1024x1024.jpg\" class=\"attachment-large size-large\" alt=\"\" srcset=\"https:\/\/www.koper.si\/wp-content\/uploads\/2020\/11\/Luc-KP-web-9-1024x1024.jpg 1024w, https:\/\/www.koper.si\/wp-content\/uploads\/2020\/11\/Luc-KP-web-9-300x300.jpg 300w, https:\/\/www.koper.si\/wp-content\/uploads\/2020\/11\/Luc-KP-web-9-150x150.jpg 150w\" sizes=\"auto, (max-width: 640px) 100vw, 640px\" \/><\/a>\n\t\t\t<\/div><\/figure>\n\t\t<\/div>\n\n<p>Come nelle altre citt\u00e0 in Slovenia e all&#8217;estero, anche a Capodistria, nonostante le restrizioni in vigore e le condizioni particolari del momento, accenderemo le luminarie natalizie all&#8217;inizio di dicembre e daremo cos\u00ec simbolicamente inizio al programma \u00bbFantazima\u00ab di quest&#8217;anno. L&#8217;obiettivo principale \u00e8 rendere questo periodo di festa magico e offrire qualche momento di serenit\u00e0 alle persone, in primo luogo alle cittadine e ai cittadini. <strong>Anche se il dicembre di quest&#8217;anno sar\u00e0 diverso dagli altri per molti di noi, al Comune sono del parere che nessuno pu\u00f2 e deve privarci della magia e dell&#8217;allegria delle feste. <\/strong><\/p>\n<p>Come annunciato all&#8217;inizio del progetto della nuova illuminazione natalizia della citt\u00e0 di Capodistria, le luminarie verranno arricchite e aggiornate ogni anno per renderle consone al programma e ai contenuti dell\u2019anno corrente. Quest&#8217;anno si \u00e8 deciso <strong>di acquistare elementi per la decorazione di Piazza France Pre\u0161eren, Piazzale Evard Kardelj, Via Giuseppe Verdi e Piazza Tito, <\/strong>nonch\u00e9 di <strong>parte di Via del Porto<\/strong>, che non erano decorati, o erano decorati solo in parte, e completare cos\u00ec la decorazione natalizia dell&#8217;intero centro storico di Capodistria. Il Comune ha destinato a questo scopo poco pi\u00f9 di 140 mila euro.<\/p>\n<p>Le luminarie della citt\u00e0, che comprendono diversi chilometri di catene luminose lampeggianti, elementi luminosi che rappresentano animali e figure fiabesche di diverse forme e installazioni luminose artistiche in tonalit\u00e0 calde e fredde, avvolgeranno anche quest&#8217;anno la citt\u00e0 per accendere l&#8217;atmosfera natalizia.<\/p>\n<p>Nel Parco Hlavaty, presso il mercato, ci sar\u00e0 anche quest&#8217;anno lo zoo luminoso con grandi motivi animali in 3D, in Piazzale Vittore Carpaccio invece potrete ammirare di nuovo l&#8217;olivo d&#8217;oro, illuminato da una combinazione di luci LED bianche in tonalit\u00e0 fredde e calde; anche il Bastione del Belvedere sar\u00e0 decorato in forma di regalo con fiocco rosso luminoso. Si mantiene anche la decorazione con elementi tematici unici di tutte le rotatorie all&#8217;entrata nel centro della citt\u00e0; Calegaria e Via Boris Kidri\u010d saranno illuminate da un luminoso cielo stellato e da sfere luminose.<\/p>\n<p>La novit\u00e0 di quest\u2019anno sono le sfere splendenti in Via Giuseppe Verdi, come anche la nuova ideazione delle luminarie di Piazza Tito, dove abbiamo portato la maestosa carrozza e le sfere con i regali da Piazza France Pre\u0161eren, di nuovo c&#8217;\u00e8 invece l&#8217;elemento molto attrattivo a forma di cuore che toccandolo cambier\u00e0 colore. \u00c8 stata arricchita anche l&#8217;esistente decorazione di Via del Porto, <strong>in Piazzale Edvard Kardelj \u00e8 stata collocata invece una renna luminosa e l&#8217;albero di Natale con quasi 30 mila luci natalizie, che sar\u00e0, con i suoi 15 metri di altezza, l&#8217;albero artificiale pi\u00f9 alto del Paese. <\/strong>Cos\u00ec il Comune evita l&#8217;abbattimento di un albero ogni anno e valorizza forme pi\u00f9 sostenibili della decorazione natalizia.<\/p>\n<p>Se le condizioni sanitarie lo permetteranno, si progetta di sistemare verso la met\u00e0 di dicembre la pista di pattinaggio sul ghiaccio in materiale artificiale presso Taverna, organizzare il mercatino di Natale nella seconda met\u00e0 di dicembre, una ricca offerta gastronomica nelle casette e altro programma interessante nell&#8217;ambito del progetto \u00bbFantazima\u00ab, che permetter\u00e0 continui adattamenti legati alle restrizioni e limitazioni. Si desidera organizzare anche visite guidate tematiche della citt\u00e0 sotto le luminarie di Natale, l&#8217;arrivo di San Niccol\u00f2, Babbo Natale e Nonno Inverno, spettacoli teatrali per bambini e altro programma festivo.<\/p>\n<p>Tutte le attivit\u00e0 previste dipendono dalla condizione epidemiologica nel Paese e dalle restrizioni che saranno in vigore.<\/p>\n<p>A prescindere dalle misure di restrizione, il Comune sta accordando con la stazione radiofonica locale Radio Capris anche un programma festivo, che verrebbe trasmesso dal vivo direttamente dal Palazzo della Loggia di Capodistria.<\/p>\n","protected":false},"excerpt":{"rendered":"<p>&nbsp; Le luminarie natalizie a Capodistria illumineranno la citt\u00e0 presumibilmente nei primi giorni di dicembre; se le condizioni saranno favorevoli, il Comune, in collaborazione con L&#8217;Ente pubblico per i giovani, la cultura e il turismo di Capodistria, sistemer\u00e0 la pista di pattinaggio sul ghiaccio, organizzer\u00e0 il mercatino di Natale e curer\u00e0 il programma festivo. Come<\/p>\n","protected":false},"author":6,"featured_media":78926,"comment_status":"open","ping_status":"open","sticky":false,"template":"","format":"standard","meta":{"_acf_changed":false,"inline_featured_image":false,"footnotes":""},"categories":[282],"tags":[],"class_list":["post-79176","post","type-post","status-publish","format-standard","has-post-thumbnail","hentry","category-generale"],"acf":[],"_links":{"self":[{"href":"https:\/\/www.koper.si\/it\/wp-json\/wp\/v2\/posts\/79176","targetHints":{"allow":["GET"]}}],"collection":[{"href":"https:\/\/www.koper.si\/it\/wp-json\/wp\/v2\/posts"}],"about":[{"href":"https:\/\/www.koper.si\/it\/wp-json\/wp\/v2\/types\/post"}],"author":[{"embeddable":true,"href":"https:\/\/www.koper.si\/it\/wp-json\/wp\/v2\/users\/6"}],"replies":[{"embeddable":true,"href":"https:\/\/www.koper.si\/it\/wp-json\/wp\/v2\/comments?post=79176"}],"version-history":[{"count":5,"href":"https:\/\/www.koper.si\/it\/wp-json\/wp\/v2\/posts\/79176\/revisions"}],"predecessor-version":[{"id":79327,"href":"https:\/\/www.koper.si\/it\/wp-json\/wp\/v2\/posts\/79176\/revisions\/79327"}],"wp:featuredmedia":[{"embeddable":true,"href":"https:\/\/www.koper.si\/it\/wp-json\/wp\/v2\/media\/78926"}],"wp:attachment":[{"href":"https:\/\/www.koper.si\/it\/wp-json\/wp\/v2\/media?parent=79176"}],"wp:term":[{"taxonomy":"category","embeddable":true,"href":"https:\/\/www.koper.si\/it\/wp-json\/wp\/v2\/categories?post=79176"},{"taxonomy":"post_tag","embeddable":true,"href":"https:\/\/www.koper.si\/it\/wp-json\/wp\/v2\/tags?post=79176"}],"curies":[{"name":"wp","href":"https:\/\/api.w.org\/{rel}","templated":true}]}}