{"id":82456,"date":"2021-01-14T14:39:36","date_gmt":"2021-01-14T13:39:36","guid":{"rendered":"https:\/\/www.koper.si\/prilagojen-rezim-parkiranja-tudi-na-trgu-brolo-in-za-trznico\/"},"modified":"2021-01-15T09:03:05","modified_gmt":"2021-01-15T08:03:05","slug":"si-modifica-il-regime-di-parcheggio-anche-in-piazza-brolo-e-presso-il-mercato","status":"publish","type":"post","link":"https:\/\/www.koper.si\/it\/si-modifica-il-regime-di-parcheggio-anche-in-piazza-brolo-e-presso-il-mercato\/","title":{"rendered":"Si modifica il regime di parcheggio anche in Piazza Brolo e presso il mercato"},"content":{"rendered":"<p><img loading=\"lazy\" decoding=\"async\" class=\"alignnone wp-image-82404 size-large\" src=\"https:\/\/www.koper.si\/wp-content\/uploads\/2021\/01\/Parkirisce-trznica-1-1024x1024.jpg\" alt=\"\" width=\"1024\" height=\"1024\" srcset=\"https:\/\/www.koper.si\/wp-content\/uploads\/2021\/01\/Parkirisce-trznica-1-1024x1024.jpg 1024w, https:\/\/www.koper.si\/wp-content\/uploads\/2021\/01\/Parkirisce-trznica-1-300x300.jpg 300w, https:\/\/www.koper.si\/wp-content\/uploads\/2021\/01\/Parkirisce-trznica-1-150x150.jpg 150w\" sizes=\"auto, (max-width: 1024px) 100vw, 1024px\" \/><\/p>\n<p>Il comune ha deciso di modificare il regime di parcheggio in due dei parcheggi pi\u00f9 visitati su richiesta dei cittadini e degli altri utenti, che negli ultimi due mesi hanno espresso pi\u00f9 volte la necessit\u00e0 di sosta breve. Dall&#8217;introduzione del parcheggio gratuito infatti spesso succedeva che i posti macchina in detti parcheggi erano occupati anche per diversi giorni, gli utenti di diversi servizi nelle immediate vicinanze dovevano invece parcheggiare i propri veicoli in parcheggi distanti.<\/p>\n<p>Il nuovo regime di parcheggio \u00e8 a misura di utente, <strong>la prima ora di parcheggio rimane infatti gratuita, mentre per ogni ora successiva bisogna pagare un euro<\/strong>. In Piazza Brolo il parcheggio sar\u00e0 a pagamento nei giorni feriali dalle ore 6 alle ore 19, presso il mercato (dietro le sbarre) invece ogni giorno 24 ore al giorno.<\/p>\n<p><strong>Il parcheggio rimane comunque gratuito fino a data a destinarsi in tutti gli altri parcheggi pubblici, gestiti da Marjetica Koper, tranne in quello di Piazzale Pier Paolo Vergerio. <\/strong><\/p>\n<p>Il Comune citt\u00e0 di Capodistria avvisa inoltre che il parcheggio gratuito non significa che gli utenti possono parcheggiare i propri veicoli fuori dai posti macchina. Questo vale soprattutto per le soste brevi in Piazza Brolo e in altri parcheggi, dedicati alle consegne e a soste fino a 15 minuti. La Guardia municipale effettuer\u00e0 controlli sul luogo e se necessario sanzioner\u00e0 i trasgressori.<\/p>\n","protected":false},"excerpt":{"rendered":"<p>Su iniziativa dei cittadini e dei residenti del centro storico, a partire dal 18 gennaio il Comune citt\u00e0 di Capodistria introduce nuovamente il regime di parcheggio a pagamento in Piazza Brolo e presso il mercato (dietro le sbarre). In questo modo desidera garantire ai cittadini e agli altri utenti l&#8217;accesso inostacolato e diretto ai servizi<\/p>\n","protected":false},"author":6,"featured_media":82407,"comment_status":"open","ping_status":"open","sticky":false,"template":"","format":"standard","meta":{"_acf_changed":false,"inline_featured_image":false,"footnotes":""},"categories":[282],"tags":[],"class_list":["post-82456","post","type-post","status-publish","format-standard","has-post-thumbnail","hentry","category-generale"],"acf":[],"_links":{"self":[{"href":"https:\/\/www.koper.si\/it\/wp-json\/wp\/v2\/posts\/82456","targetHints":{"allow":["GET"]}}],"collection":[{"href":"https:\/\/www.koper.si\/it\/wp-json\/wp\/v2\/posts"}],"about":[{"href":"https:\/\/www.koper.si\/it\/wp-json\/wp\/v2\/types\/post"}],"author":[{"embeddable":true,"href":"https:\/\/www.koper.si\/it\/wp-json\/wp\/v2\/users\/6"}],"replies":[{"embeddable":true,"href":"https:\/\/www.koper.si\/it\/wp-json\/wp\/v2\/comments?post=82456"}],"version-history":[{"count":2,"href":"https:\/\/www.koper.si\/it\/wp-json\/wp\/v2\/posts\/82456\/revisions"}],"predecessor-version":[{"id":82458,"href":"https:\/\/www.koper.si\/it\/wp-json\/wp\/v2\/posts\/82456\/revisions\/82458"}],"wp:featuredmedia":[{"embeddable":true,"href":"https:\/\/www.koper.si\/it\/wp-json\/wp\/v2\/media\/82407"}],"wp:attachment":[{"href":"https:\/\/www.koper.si\/it\/wp-json\/wp\/v2\/media?parent=82456"}],"wp:term":[{"taxonomy":"category","embeddable":true,"href":"https:\/\/www.koper.si\/it\/wp-json\/wp\/v2\/categories?post=82456"},{"taxonomy":"post_tag","embeddable":true,"href":"https:\/\/www.koper.si\/it\/wp-json\/wp\/v2\/tags?post=82456"}],"curies":[{"name":"wp","href":"https:\/\/api.w.org\/{rel}","templated":true}]}}