{"id":83280,"date":"2021-02-23T16:27:11","date_gmt":"2021-02-23T15:27:11","guid":{"rendered":"https:\/\/www.koper.si\/?p=83280"},"modified":"2021-02-25T14:33:57","modified_gmt":"2021-02-25T13:33:57","slug":"capodistria-e-pronta-per-il-campionato-europeo","status":"publish","type":"post","link":"https:\/\/www.koper.si\/it\/capodistria-e-pronta-per-il-campionato-europeo\/","title":{"rendered":"\u00bbCapodistria \u00e8 pronta per il campionato europeo!\u00ab"},"content":{"rendered":"<p>A seguito dei saluti introduttivi nei locali dell\u2019amministrazione comunale, il sindaco di Capodistria e il presidente della FCS hanno parlato dei preparativi al campionato europeo under 21 che si terr\u00e0 nel mese di marzo in Slovenia e in Ungheria. Sono d\u2019accordo che Capodistria \u00e8 pronta all\u2019evento calcistico pi\u00f9 importante nel nostro Paese. <em>\u00bbNel mese di marzo Capodistria ospiter\u00e0 giovani celebrit\u00e0 del mondo del calcio, una vera e propria calamita per gli appassionati del calcio di tutto il mondo. Probabilmente non ci saranno gli spettatori sulle tribune, ma sicuramente almeno in televisione potremo seguire partite di calcio eccezionali,<\/em>\u00ab ha commentato il campionato europeo di marzo il sindaco di Capodistria <strong>Ale\u0161 Br\u017ean<\/strong>.<\/p>\n<p>Anche il presidente della Federazione calcistica della Slovenia, <strong>Radenko Mijatovi\u0107 <\/strong>\u00e8 dello stesso parere: <em>\u00bbCapodistria potrebbe ospitare gi\u00e0 oggi le partite del campionato europeo. Si tratta comunque di una citt\u00e0 che rappresenta un importante centro calcistico, che capisce il calcio e crea ottime condizioni per lo sviluppo dei calciatori. Lo prova la storia e lo dimostrer\u00e0 sicuramente anche il campionato europeo.<\/em>\u00ab<\/p>\n<p>Il sindaco e il presidente hanno quindi percorso Via Giuseppe Verdi, Piazza Tito, Calegaria e Via Oton \u017dupan\u010di\u010d per arrivare allo stadio di Bonifika con il grande cartellone che prova il fatto che Capodistria ospiter\u00e0 le quattro partite del Campionato europeo UEFA U-21 gi\u00e0 il prossimo mese. Alla fine dell\u2019incontro hanno visitato la mostra, allestita in occasione del 100\u00b0 anniversario dello scorso anno, dalla squadra di calcio di Capodistria.<\/p>\n","protected":false},"excerpt":{"rendered":"<p>Mancano esattamente 30 giorni alla prima partita del campionato europeo UEFA U-21 allo stadio di Bonifika a Capodistria. Per l\u2019occasione il Sindaco del Comune citt\u00e0 di Capodistria, Ale\u0161 Br\u017ean, ha ospitato il presidente della Federazione calcistica della Slovenia, Radenko Mijatovi\u0107. In una voce hanno annunciato che Capodistria \u00e8 pronta per l\u2019evento calcistico pi\u00f9 importante nella<\/p>\n","protected":false},"author":2,"featured_media":83259,"comment_status":"open","ping_status":"open","sticky":false,"template":"","format":"standard","meta":{"_acf_changed":false,"inline_featured_image":false,"footnotes":""},"categories":[282],"tags":[],"class_list":["post-83280","post","type-post","status-publish","format-standard","has-post-thumbnail","hentry","category-generale"],"acf":[],"_links":{"self":[{"href":"https:\/\/www.koper.si\/it\/wp-json\/wp\/v2\/posts\/83280","targetHints":{"allow":["GET"]}}],"collection":[{"href":"https:\/\/www.koper.si\/it\/wp-json\/wp\/v2\/posts"}],"about":[{"href":"https:\/\/www.koper.si\/it\/wp-json\/wp\/v2\/types\/post"}],"author":[{"embeddable":true,"href":"https:\/\/www.koper.si\/it\/wp-json\/wp\/v2\/users\/2"}],"replies":[{"embeddable":true,"href":"https:\/\/www.koper.si\/it\/wp-json\/wp\/v2\/comments?post=83280"}],"version-history":[{"count":1,"href":"https:\/\/www.koper.si\/it\/wp-json\/wp\/v2\/posts\/83280\/revisions"}],"predecessor-version":[{"id":83281,"href":"https:\/\/www.koper.si\/it\/wp-json\/wp\/v2\/posts\/83280\/revisions\/83281"}],"wp:featuredmedia":[{"embeddable":true,"href":"https:\/\/www.koper.si\/it\/wp-json\/wp\/v2\/media\/83259"}],"wp:attachment":[{"href":"https:\/\/www.koper.si\/it\/wp-json\/wp\/v2\/media?parent=83280"}],"wp:term":[{"taxonomy":"category","embeddable":true,"href":"https:\/\/www.koper.si\/it\/wp-json\/wp\/v2\/categories?post=83280"},{"taxonomy":"post_tag","embeddable":true,"href":"https:\/\/www.koper.si\/it\/wp-json\/wp\/v2\/tags?post=83280"}],"curies":[{"name":"wp","href":"https:\/\/api.w.org\/{rel}","templated":true}]}}