{"id":83870,"date":"2021-03-25T09:26:45","date_gmt":"2021-03-25T08:26:45","guid":{"rendered":"https:\/\/www.koper.si\/?p=83870"},"modified":"2021-03-26T09:28:03","modified_gmt":"2021-03-26T08:28:03","slug":"rotatoria-e-ulteriore-accesso-al-garage-sottostante-il-piazzale-del-museo","status":"publish","type":"post","link":"https:\/\/www.koper.si\/it\/rotatoria-e-ulteriore-accesso-al-garage-sottostante-il-piazzale-del-museo\/","title":{"rendered":"Rotatoria e ulteriore accesso al garage sottostante il Piazzale del Museo"},"content":{"rendered":"<p>Il garage sotterraneo sottostante il Piazzale del Museo, denominato ufficialmente Parkirna hi\u0161a Belveder\/Garage Belvedere, \u00e8 in fase finale. Il Comune citt\u00e0 di Capodistria ha approfittato del periodo di epidemia con meno traffico in citt\u00e0 per l\u2019assetto integrato del traffico all\u2019entrata nel garage.<\/p>\n<p>Nell\u2019ambito dell\u2019investimento il Comune restringer\u00e0 parte del passeggio e creer\u00e0 cos\u00ec le condizioni per il traffico bidirezionale che permetter\u00e0 l\u2019entrata e l\u2019uscita al e dal garage anche dalla tangenziale nord, lungo il Bastione del Belvedere di fronte al terminal passeggeri sistemer\u00e0 invece la rotatoria con lo schermo informativo sui posti liberi del garage. In questo modo garantir\u00e0 lo scorrimento normale del traffico se non ci saranno posti disponibili nel garage ed eviter\u00e0 code direttamente di fronte all\u2019entrata. Lungo la carreggiata ci sar\u00e0 una corsia di passeggio pi\u00f9 stretta e due passaggi di strisce pedonali. I lavori verranno conclusi all\u2019inizio di maggio.<\/p>\n","protected":false},"excerpt":{"rendered":"<p>Oggi, 25 marzo, sono stati avviati i lavori in Riva dei Bagni a Capodistria, dove il Comune citt\u00e0 di Capodistria creer\u00e0 le condizioni per l\u2019istituzione del regime di traffico bidirezionale fino al portale di entrata-uscita del garage sottostante il Piazzale del Museo. Nell\u2019ambito dei lavori provveder\u00e0 a costruire lungo il Bastione di Belvedere di fronte<\/p>\n","protected":false},"author":17,"featured_media":83865,"comment_status":"open","ping_status":"open","sticky":false,"template":"","format":"standard","meta":{"_acf_changed":false,"inline_featured_image":false,"footnotes":""},"categories":[282],"tags":[],"class_list":["post-83870","post","type-post","status-publish","format-standard","has-post-thumbnail","hentry","category-generale"],"acf":[],"_links":{"self":[{"href":"https:\/\/www.koper.si\/it\/wp-json\/wp\/v2\/posts\/83870","targetHints":{"allow":["GET"]}}],"collection":[{"href":"https:\/\/www.koper.si\/it\/wp-json\/wp\/v2\/posts"}],"about":[{"href":"https:\/\/www.koper.si\/it\/wp-json\/wp\/v2\/types\/post"}],"author":[{"embeddable":true,"href":"https:\/\/www.koper.si\/it\/wp-json\/wp\/v2\/users\/17"}],"replies":[{"embeddable":true,"href":"https:\/\/www.koper.si\/it\/wp-json\/wp\/v2\/comments?post=83870"}],"version-history":[{"count":1,"href":"https:\/\/www.koper.si\/it\/wp-json\/wp\/v2\/posts\/83870\/revisions"}],"predecessor-version":[{"id":83871,"href":"https:\/\/www.koper.si\/it\/wp-json\/wp\/v2\/posts\/83870\/revisions\/83871"}],"wp:featuredmedia":[{"embeddable":true,"href":"https:\/\/www.koper.si\/it\/wp-json\/wp\/v2\/media\/83865"}],"wp:attachment":[{"href":"https:\/\/www.koper.si\/it\/wp-json\/wp\/v2\/media?parent=83870"}],"wp:term":[{"taxonomy":"category","embeddable":true,"href":"https:\/\/www.koper.si\/it\/wp-json\/wp\/v2\/categories?post=83870"},{"taxonomy":"post_tag","embeddable":true,"href":"https:\/\/www.koper.si\/it\/wp-json\/wp\/v2\/tags?post=83870"}],"curies":[{"name":"wp","href":"https:\/\/api.w.org\/{rel}","templated":true}]}}