{"id":83939,"date":"2021-03-31T18:36:56","date_gmt":"2021-03-31T16:36:56","guid":{"rendered":"https:\/\/www.koper.si\/?p=83939"},"modified":"2021-04-01T11:20:06","modified_gmt":"2021-04-01T09:20:06","slug":"provvedimenti-piu-severi-e-chiusura-totale-del-paese","status":"publish","type":"post","link":"https:\/\/www.koper.si\/it\/provvedimenti-piu-severi-e-chiusura-totale-del-paese\/","title":{"rendered":"Provvedimenti pi\u00f9 severi e chiusura totale del Paese"},"content":{"rendered":"<p>A causa dell\u2019aumento dei contagi da nuovo coronavirus, da domani, 1\u00b0 aprile, il Governo della RS chiude nuovamente i giardini d\u2019infanzia e le scuole. La didattica sar\u00e0 a distanza, i giardini d\u2019infanzia garantiranno solamente la custodia urgente. Il Comune citt\u00e0 di Capodistria organizzer\u00e0 durante la chiusura la custodia urgente per i bambini di et\u00e0 prescolare e degli alunni delle prime tre classi della SE presso l\u2019asilo Vrtec Koper (unit\u00e0 Ribica e Kekec), l\u2019asilo Semedella (unit\u00e0 Monte Marco), il Giardino d\u2019infanzia Delfino Blu (unit\u00e0 Capodistria) e in tutti i giardini d\u2019infanzia presso le scuole elementari.<\/p>\n<p>Hanno diritto alla custodia i bambini, cui entrambi ovv. un genitore (in caso di famiglie monogenitoriali) \u00e8 impiegato nei settori dell\u2019infrastruttura critica, negli enti di educazione e istruzione, negli enti del settore dell\u2019assistenza sociale, nell\u2019esercito, nella polizia o in unit\u00e0 professionali dei vigili del fuoco. Durante la chiusura, i genitori dei bambini che rimarranno a casa, saranno esonerati dal pagamento dell\u2019asilo.<\/p>\n<p><strong>Orario limitato del trasporto pubblico<\/strong><\/p>\n<p>Dal 1\u00b0 all\u201911 aprile incluso, gli autobus di linea del trasporto cittadino circoleranno con orario modificato, feriale. Il Comune citt\u00e0 di Capodistria invita le cittadine e i cittadini a controllare l\u2019orario delle singole linee del trasporto pubblico cittadino prima di recarsi alla fermata; gli orari sono accessibili su <a href=\"https:\/\/arriva.si\/avtobusni-prevozi\/mestni-avtobusni-prevozi\/mestni-promet-koper\/vozni-red-in-ceniki\/\" target=\"_blank\" rel=\"noopener\">https:\/\/arriva.si\/avtobusni-prevozi\/mestni-avtobusni-prevozi\/mestni-promet-koper\/vozni-red-in-ceniki\/<\/a>.<\/p>\n<p>L\u2019autobus del trasporto cittadino Kurjejrca circoler\u00e0 con il suo consueto orario, ma solamente con una persona a bordo ovv. due, se membri della stessa famiglia o dello stesso nucleo familiare e sar\u00e0 destinato ai tragitti fino alla casa della sanit\u00e0, alla farmacia e ai negozi del centro storico.<\/p>\n<p><strong>I bagni pubblici e i parchi gioco rimangono aperti<\/strong><strong>\u00a0<\/strong><\/p>\n<p>Il Comune chiuder\u00e0 provvisoriamente i bagni pubblici presso il Centro degli sport su sabbia, mentre i bagni pubblici presso il Centro sportivo e di ricreazione Bonifika, presso lo stadio Bonifika, sulla strada costiera, presso lo stabilimento balneare cittadino e quello di Giusterna e al mercato rimarranno aperti. Saranno aperti con il loro consueto orario, Marjetica Koper e l\u2019Ente pubblico per lo sport del CCC provvederanno invece alla regolare pulizia e disinfezione dei bagni.<\/p>\n<p>Saranno aperti anche i parchi gioco, ad eccezione dei parchi gioco presso il Centro sportivo e di ricreazione Bonifika e il Centro degli sport su sabbia, ma comunque il comune di Capodistria consiglia ai genitori di evitare fino a nuovo avviso l\u2019utilizzo delle attrezzature da gioco, visto che la prevenzione rimane l\u2019unico e migliore provvedimento per prevenire i contagi.<\/p>\n<p><strong>Regime limitato di utilizzo degli impianti sportivi<\/strong><\/p>\n<p>Ai sensi delle nuove limitazioni del Governo, da domani rimarranno chiusi la Piscina olimpica di Capodistria, l\u2019Arena Bonifika, il Parco sportivo di Dekani, i campi da beach-volley presso il Centro degli sport su sabbia, il Centro degli sport acquatici, lo Skate park, i campi da calcio presso il Centro sportivo e di ricreazione Bonifika e gli altri impianti sportivi e scolastici nel comune.<\/p>\n<p>Nonostante le limitazioni, si permette l\u2019attivit\u00e0 sportiva-motoria sulle superfici sportive all\u2019aperto, ma solamente per i membri dello stesso nucleo familiare.<\/p>\n<p>Dal 1\u00b0 all\u201911 aprile incluso sar\u00e0 chiuso il parcheggio per i camper, in questo periodo saranno chiuse anche le gallerie, i musei, le biblioteche e gli archivi.<\/p>\n<p><strong>Attivit\u00e0 limitata dell\u2019amministrazione comunale<\/strong><strong>\u00a0<\/strong><\/p>\n<p>Dal 1\u00b0 al 9 aprile incluso il Comune citt\u00e0 di Capodistria ha limitato l\u2019attivit\u00e0 dell\u2019amministrazione comunale. Non si riceve le parti durante l\u2019orario d\u2019ufficio, non opera nemmeno l\u2019Ufficio protocollo del Comune citt\u00e0 di Capodistria.<\/p>\n<p>Il CCC ha raccolto tutte le informazioni relative ai numeri di telefono di emergenza per l\u2019assistenza alle cittadine e ai cittadini, ai provvedimenti e ai servizi offerti durante l\u2019epidemia in una voce particolare della pagina web ufficiale del Comune <a href=\"https:\/\/www.koper.si\/obcina\/izredno-obvescanje\/\">https:\/\/www.koper.si\/obcina\/izredno-obvescanje\/<\/a>.<\/p>\n","protected":false},"excerpt":{"rendered":"<p>A causa dell\u2019aumento del numero di contagi e di ricoveri in ospedale, il Governo della RS introduce da domani la chiusura totale del Paese di undici giorni. Fino all\u201911 aprile incluso sar\u00e0 di nuovo in vigore il divieto di assembramenti e spostamenti fuori dalla regione statistica, la didattica sar\u00e0 a distanza, i giardini d\u2019infanzia rimarranno<\/p>\n","protected":false},"author":2,"featured_media":83934,"comment_status":"open","ping_status":"open","sticky":false,"template":"","format":"standard","meta":{"_acf_changed":false,"inline_featured_image":false,"footnotes":""},"categories":[282,288],"tags":[],"class_list":["post-83939","post","type-post","status-publish","format-standard","has-post-thumbnail","hentry","category-generale","category-covid-19-it"],"acf":[],"_links":{"self":[{"href":"https:\/\/www.koper.si\/it\/wp-json\/wp\/v2\/posts\/83939","targetHints":{"allow":["GET"]}}],"collection":[{"href":"https:\/\/www.koper.si\/it\/wp-json\/wp\/v2\/posts"}],"about":[{"href":"https:\/\/www.koper.si\/it\/wp-json\/wp\/v2\/types\/post"}],"author":[{"embeddable":true,"href":"https:\/\/www.koper.si\/it\/wp-json\/wp\/v2\/users\/2"}],"replies":[{"embeddable":true,"href":"https:\/\/www.koper.si\/it\/wp-json\/wp\/v2\/comments?post=83939"}],"version-history":[{"count":2,"href":"https:\/\/www.koper.si\/it\/wp-json\/wp\/v2\/posts\/83939\/revisions"}],"predecessor-version":[{"id":83944,"href":"https:\/\/www.koper.si\/it\/wp-json\/wp\/v2\/posts\/83939\/revisions\/83944"}],"wp:featuredmedia":[{"embeddable":true,"href":"https:\/\/www.koper.si\/it\/wp-json\/wp\/v2\/media\/83934"}],"wp:attachment":[{"href":"https:\/\/www.koper.si\/it\/wp-json\/wp\/v2\/media?parent=83939"}],"wp:term":[{"taxonomy":"category","embeddable":true,"href":"https:\/\/www.koper.si\/it\/wp-json\/wp\/v2\/categories?post=83939"},{"taxonomy":"post_tag","embeddable":true,"href":"https:\/\/www.koper.si\/it\/wp-json\/wp\/v2\/tags?post=83939"}],"curies":[{"name":"wp","href":"https:\/\/api.w.org\/{rel}","templated":true}]}}