{"id":86658,"date":"2021-06-15T16:30:39","date_gmt":"2021-06-15T14:30:39","guid":{"rendered":"https:\/\/www.koper.si\/?p=86658"},"modified":"2021-06-18T08:04:41","modified_gmt":"2021-06-18T06:04:41","slug":"variazioni-alla-viabilita-durante-le-gare-di-ciclismo-su-strada","status":"publish","type":"post","link":"https:\/\/www.koper.si\/it\/variazioni-alla-viabilita-durante-le-gare-di-ciclismo-su-strada\/","title":{"rendered":"Variazioni alla viabilit\u00e0 durante le gare di ciclismo su strada\u00a0  \u00a0"},"content":{"rendered":"<p><strong>GIOVED\u00cc: Chiusura delle strade e delle vie <\/strong><\/p>\n<p>I campionati nazionali a cronometro si svolgeranno gioved\u00ec, 17 giugno, tra le 14:00 e le 20:00. La partenza \u00e8 prevista davanti all&#8217;entrata del Garage Belvedere in Riva dei Bagni, da dove i ciclisti inizieranno la corsa verso Isola, passando prima per Via del Porto e Strada di Semedella e continuando per la pista ciclabile lungo il novo parco a Giusterna nonch\u00e9 per la strada costiera fino alla zona industriale di Isola, da dove faranno poi ritorno a Capodistria. L&#8217;arrivo sar\u00e0 in Via Pirano.<\/p>\n<p>Durante i campionati <strong>rimarranno chiuse al traffico: Riva dei Bagni<\/strong> (dalla piattaforma del terminale passeggeri fino a Piazza Anton Ukmar), <strong>Via del Porto<\/strong> (dalla rotatoria in Via Pirano fino a Piazza Anton Ukmar), <strong>Strada di Semedella<\/strong> e <strong>Strada dell&#8217;Istria <\/strong>ovvero la strada costiera (dalla rotatoria a Giusterna fino al confine con il Comune di Isola).<\/p>\n<p>Sar\u00e0 chiusa al traffico anche la <strong>parte di Via Pirano<\/strong> tra la rotatoria presso il cavalcavia a Semedella e quella presso il mercato cittadino. La chiusura sar\u00e0 dovuta ai lavori di preparazione dell&#8217;area di gara e del posizionamento delle transenne subito dopo le 9:00 e durer\u00e0 fino a mezzanotte.<\/p>\n<p><strong>Parcheggi e deviazioni per i residenti <\/strong><\/p>\n<p>\u00c9 prevista inoltre la chiusura di alcuni parcheggi. Tra le 6:00 e le 24:00 non sar\u00e0 possibile parcheggiare nel Garage Belvedere e nel parcheggio sulla tangenziale nord (presso il Bastione). Tra le 12:00 e le 24:00 sar\u00e0 chiuso anche il parcheggio presso la piscina olimpionica, mentre dalle 12:00 alle 20:00 non sar\u00e0 possibile accedere ai parcheggi in Piazza Anton Ukmar e a Giusterna (sterrato).<\/p>\n<p>A causa della chiusura delle strade, <strong>tra le 14:00 e le 20:00, non sar\u00e0 possibile raggiungere i posti macchina in Piazzetta Pinko Toma\u017ei\u010d e agli altri parcheggi, ai quali si accede per Via Boris Kidri\u010d e il Belvedere.<\/strong><\/p>\n<p><strong>Dalle ore 6:00 di gioved\u00ec 17 giugno alle ore 12:00 di venerd\u00ec 18 giugno, <\/strong>il Comune citt\u00e0 di Capodistria consentir\u00e0 ai <strong>residenti del centro storico<\/strong> (titolari del permesso di parcheggio per la Piazzetta Pinko Toma\u017ei\u010d, la tangenziale nord, il Garage Belvedere nonch\u00e9 i parcheggi accessibili per Via Boris Kidri\u010d e il Belvedere) di <strong>parcheggiare gratuitamente in tutti i parcheggi pubblici a pagamento<\/strong>, ad eccezione del parcheggio dietro il mercato cittadino (dietro le sbarre). Il permesso deve essere esposto in modo visibile.<\/p>\n<p><strong>Al Centro vaccinale per Via Ivan Cankar<\/strong><\/p>\n<p>Gioved\u00ec 17 giugno, dalle 14.30 alle 18.00, si svolger\u00e0 presso la Casa di sanit\u00e0 di Capodistria in Via Luciano Dellavalle 3 la vaccinazione senza prenotazione. A causa della chiusura di Via del Porto, sar\u00e0 possibile raggiungere la Casa di Sanit\u00e0 per Via Ivan Cankar.<\/p>\n<p><strong>DOMENICA: Limitazioni temporanee al traffico<\/strong><\/p>\n<p>Domenica 20 giugno, tra le 8:00 e le 20:00, si svolger\u00e0 la gara dei campionati nazionali di ciclismo su strada. La partenza e l&#8217;arrivo del percorso circolare lungo 17,2 km sar\u00e0 in Via Pirano, dove sono previste alcune chiusure del traffico.<\/p>\n<p>Durante la gara (tra le 8:00 e le 20:00) la <strong>chiusura parziale<\/strong> al traffico interesser\u00e0: Via Pirano, Strade dell&#8217;Istria, Strada Circolare, Via Veno Pilon, Strada di Monte Marco, Via del Distaccamento Istriano, Via della Valle, la rotatoria sulla strada principale Capodistria\u2013Dragogna, le strade Salara\u2013Vanganel e Bonini\u2013Vanganel, Strada di Tribano, parte della strada che collega Slav\u010dek e la rotatoria Inde, Strada di Lubiana e Strada Zora Perello-Godina.<\/p>\n<p>Solamente <strong>una parte di Via Pirano rimarr\u00e0 completamente chiusa al traffico<\/strong> per tutta la durata della gara e cio\u00e8 tra la rotatoria presso il cavalcavia a Semedella e quella presso il mercato cittadino. La chiusura sar\u00e0 dovuta ai lavori di preparazione dell&#8217;area di gara e del posizionamento delle transenne e durer\u00e0 dalle 6:00 alle 24:00. In questi orari rimarr\u00e0 chiuso anche il parcheggio presso la piscina olimpionica.<\/p>\n<p>Si ricorda che parte del percorso domenicale si snoder\u00e0 lungo Strada dell&#8217;Istria ovvero la strada costiera, perci\u00f2 in alcuni momenti della giornata l&#8217;accesso al parcheggio di Giusterna sar\u00e0 interrotto.<\/p>\n","protected":false},"excerpt":{"rendered":"<p>Gioved\u00ec 17 giugno e domenica 20 giugno, Capodistria ospiter\u00e0 i campionati nazionali di ciclismo su strada. Durante le gare la viabilit\u00e0 stradale subir\u00e0 delle variazioni \u2013 alcune strade e parcheggi verranno chiusi, mentre le linee degli autobus saranno soggette a modifiche. Consigliamo a tutti di consultare le informazioni riguardo le strade e i parcheggi chiusi<\/p>\n","protected":false},"author":2,"featured_media":86609,"comment_status":"open","ping_status":"open","sticky":false,"template":"","format":"standard","meta":{"_acf_changed":false,"inline_featured_image":false,"footnotes":""},"categories":[282],"tags":[],"class_list":["post-86658","post","type-post","status-publish","format-standard","has-post-thumbnail","hentry","category-generale"],"acf":[],"_links":{"self":[{"href":"https:\/\/www.koper.si\/it\/wp-json\/wp\/v2\/posts\/86658","targetHints":{"allow":["GET"]}}],"collection":[{"href":"https:\/\/www.koper.si\/it\/wp-json\/wp\/v2\/posts"}],"about":[{"href":"https:\/\/www.koper.si\/it\/wp-json\/wp\/v2\/types\/post"}],"author":[{"embeddable":true,"href":"https:\/\/www.koper.si\/it\/wp-json\/wp\/v2\/users\/2"}],"replies":[{"embeddable":true,"href":"https:\/\/www.koper.si\/it\/wp-json\/wp\/v2\/comments?post=86658"}],"version-history":[{"count":1,"href":"https:\/\/www.koper.si\/it\/wp-json\/wp\/v2\/posts\/86658\/revisions"}],"predecessor-version":[{"id":86659,"href":"https:\/\/www.koper.si\/it\/wp-json\/wp\/v2\/posts\/86658\/revisions\/86659"}],"wp:featuredmedia":[{"embeddable":true,"href":"https:\/\/www.koper.si\/it\/wp-json\/wp\/v2\/media\/86609"}],"wp:attachment":[{"href":"https:\/\/www.koper.si\/it\/wp-json\/wp\/v2\/media?parent=86658"}],"wp:term":[{"taxonomy":"category","embeddable":true,"href":"https:\/\/www.koper.si\/it\/wp-json\/wp\/v2\/categories?post=86658"},{"taxonomy":"post_tag","embeddable":true,"href":"https:\/\/www.koper.si\/it\/wp-json\/wp\/v2\/tags?post=86658"}],"curies":[{"name":"wp","href":"https:\/\/api.w.org\/{rel}","templated":true}]}}