{"id":86660,"date":"2021-06-17T13:59:13","date_gmt":"2021-06-17T11:59:13","guid":{"rendered":"https:\/\/www.koper.si\/?p=86660"},"modified":"2021-06-18T08:05:46","modified_gmt":"2021-06-18T06:05:46","slug":"il-comune-ha-restaurato-il-monumento-ai-caduti-a-marezige","status":"publish","type":"post","link":"https:\/\/www.koper.si\/it\/il-comune-ha-restaurato-il-monumento-ai-caduti-a-marezige\/","title":{"rendered":"\u00a0Il comune ha restaurato il monumento ai caduti a Marezige"},"content":{"rendered":"<p>Il Comune citt\u00e0 di Capodistria celebra la sua festa comunale in ricordo della Rivolta di Marezige, una delle prime rivolte antifasciste in Europa, avvenuta il 15 maggio 1921. Quest&#8217;anno, in occasione del centenario di questo importante evento, il comune ha gi\u00e0 previsto l&#8217;organizzazione di una serie di eventi e, su iniziativa della CC di Marezige, si \u00e8 preso cura anche del restauro completo del monumento ai caduti. L&#8217;investimento del valore di poco pi\u00f9 di 10.000 euro ha previsto la verniciatura del monumento e la sua protezione, il restauro dell&#8217;iscrizione e la sistemazione dell&#8217;area circostante. Contemporaneamente si sono svolti i lavori di assetto del monumento dedicato a Ivan Babi\u010d-Jagr nel cimitero del paese.<\/p>\n<p>In occasione dei 100 anni dalla Rivolta di Marezige, il Comune citt\u00e0 di Capodistria organizzer\u00e0 una cerimonia pubblica che si terr\u00e0 il 3 settembre di quest&#8217;anno.<\/p>\n","protected":false},"excerpt":{"rendered":"<p>In occasione del centenario della Rivolta di Marezige, il Comune citt\u00e0 di Capodistria, su iniziativa della Comunit\u00e0 locale di Marezige, ha completamente restaurato il monumento dedicato alle vittime della rivolta e della seconda guerra mondiale. Il comune di Capodistria ha stanziato circa 10.000 euro sia per il restauro del monumento sia per l&#8217;assetto del monumento<\/p>\n","protected":false},"author":2,"featured_media":86640,"comment_status":"open","ping_status":"open","sticky":false,"template":"","format":"standard","meta":{"_acf_changed":false,"inline_featured_image":false,"footnotes":""},"categories":[282],"tags":[],"class_list":["post-86660","post","type-post","status-publish","format-standard","has-post-thumbnail","hentry","category-generale"],"acf":[],"_links":{"self":[{"href":"https:\/\/www.koper.si\/it\/wp-json\/wp\/v2\/posts\/86660","targetHints":{"allow":["GET"]}}],"collection":[{"href":"https:\/\/www.koper.si\/it\/wp-json\/wp\/v2\/posts"}],"about":[{"href":"https:\/\/www.koper.si\/it\/wp-json\/wp\/v2\/types\/post"}],"author":[{"embeddable":true,"href":"https:\/\/www.koper.si\/it\/wp-json\/wp\/v2\/users\/2"}],"replies":[{"embeddable":true,"href":"https:\/\/www.koper.si\/it\/wp-json\/wp\/v2\/comments?post=86660"}],"version-history":[{"count":1,"href":"https:\/\/www.koper.si\/it\/wp-json\/wp\/v2\/posts\/86660\/revisions"}],"predecessor-version":[{"id":86661,"href":"https:\/\/www.koper.si\/it\/wp-json\/wp\/v2\/posts\/86660\/revisions\/86661"}],"wp:featuredmedia":[{"embeddable":true,"href":"https:\/\/www.koper.si\/it\/wp-json\/wp\/v2\/media\/86640"}],"wp:attachment":[{"href":"https:\/\/www.koper.si\/it\/wp-json\/wp\/v2\/media?parent=86660"}],"wp:term":[{"taxonomy":"category","embeddable":true,"href":"https:\/\/www.koper.si\/it\/wp-json\/wp\/v2\/categories?post=86660"},{"taxonomy":"post_tag","embeddable":true,"href":"https:\/\/www.koper.si\/it\/wp-json\/wp\/v2\/tags?post=86660"}],"curies":[{"name":"wp","href":"https:\/\/api.w.org\/{rel}","templated":true}]}}